{"id":16629,"date":"2020-01-29T09:17:49","date_gmt":"2020-01-29T08:17:49","guid":{"rendered":"https:\/\/fefac.cat\/empresarial\/?p=16629"},"modified":"2020-01-29T12:34:20","modified_gmt":"2020-01-29T11:34:20","slug":"fefac-acord-ismet-formacio-terapies-naturals","status":"publish","type":"post","link":"https:\/\/fefac.cat\/empresarial\/fefac-acord-ismet-formacio-terapies-naturals\/","title":{"rendered":"La FEFAC arriba a un acord amb ISMET per facilitar als socis l&#8217;acc\u00e9s a cursos formatius sobre ter\u00e0pies naturals"},"content":{"rendered":"\n<h2 class=\"wp-block-heading\">Els associats gaudiran d&#8217;un 10% de descompte en el preu dels monogr\u00e0fics d&#8217;ISMET<\/h2>\n\n\n\n<p>Els farmac\u00e8utics associats a la FEFAC que estiguin interessats en l\u2019oferta acad\u00e8mica de<a rel=\"noreferrer noopener\" aria-label=\" l\u2019Institut Superior de Medicines Tradicionals (ISMET) (s'obre en una nova pestanya)\" href=\"http:\/\/ismet.es\/\" target=\"_blank\"> l\u2019Institut Superior de Medicines Tradicionals (ISMET)<\/a> gaudiran d\u2019un<strong> descompte del 10% en el preu dels monogr\u00e0fics<\/strong> gr\u00e0cies a un acord al qual s\u2019ha arribat entre ambdues entitats. Aquest acord tamb\u00e9 contempla descomptes dels cursos t\u00e8cnics, m\u00e0sters i graduats ( consultar amb ISMET).<\/p>\n\n\n\n<p>El<strong> director general d\u2019ISMET, \u00c0lex Badrena<\/strong>, va reunir-se el passat 22 de gener amb <strong>Antoni Torres, <\/strong>president de l\u2019empresarial, per <strong>formalitzar aquesta col\u00b7laboraci\u00f3 <\/strong>que permetr\u00e0 ampliar l\u2019oferta formativa que la FEFAC ofereix als socis, amb descomptes pel farmac\u00e8utic.<\/p>\n\n\n\n<p>El director general d\u2019ISMET ens explica en aquesta entrevista <strong>quina \u00e9s la situaci\u00f3 de les ter\u00e0pies naturals a Espanya<\/strong>, quin \u00e9s el <strong>paper del farmac\u00e8utic<\/strong> i <strong>quins cursos poden ser \u00fatils <\/strong>per continuar formant-se en aquesta categoria.<\/p>\n\n\n\n<p><\/p>\n\n\n\n<h3 class=\"wp-block-heading\"><strong>Entrevista<\/strong> \u00c0lex Badrena, director general d&#8217;ISMET<\/h3>\n\n\n\n<p><\/p>\n\n\n\n<p><strong>Qu\u00e8 \u00e9s\nISMET? <\/strong><\/p>\n\n\n\n<p>ISMET \u00e9s un centre de formaci\u00f3 en ter\u00e0pies\nnaturals que va n\u00e9ixer l\u2019any 1992, fundat pel meu pare, Jos\u00e9 Luis Badrena, i\ninaugurat pel Deg\u00e0 de la Facultat de Medicina Tradicional Xinesa de Pequ\u00edn. Als\nanys 90, ja era un dels centres formatius de refer\u00e8ncia al pa\u00eds. <\/p>\n\n\n\n<p><strong>Quin\ntipus de cursos ofereix i quins poden interessar al farmac\u00e8utic? <\/strong><\/p>\n\n\n\n<p>Tota l\u2019oferta va comen\u00e7ar amb la <strong>medicina tradicional xinesa <\/strong>com a base i s\u2019ha anat incrementant al llarg dels anys. Ara mateix tenim aproximadament 300 formacions anuals, amb diferents modalitats (presencial, semipresencial u online). Oferim cursos de<strong> naturopatia i homeopatia, medicina tradicional xinesa, t\u00e8cniques manuals, osteopatia, wellness i est\u00e8tica natural, coaching i salut, creixement personal i ter\u00e0pies energ\u00e8tiques.<\/strong> Els nostres estudiants s\u00f3n professionals sanitaris de diferents \u00e0mbits: metges, farmac\u00e8utics, psic\u00f2legs, fisioterapeutes, etc. que tenen necessitat de coneixements per donar un bon assessorament als seus pacients. <strong>Els farmac\u00e8utics acostumen a interessar-se per cursos sobre naturopatia, diet\u00e8tica i nutrici\u00f3, sals de sch\u00fcssler, flors de bach<\/strong>, tot i que tamb\u00e9 guanyen pes els cursos d\u2019\u00e0rees de creixement personal, coaching o control de l\u2019estr\u00e8s.<\/p>\n\n\n\n<p><strong>Quina\n\u00e9s la situaci\u00f3 de les ter\u00e0pies naturals a Espanya a escala legal?<\/strong><\/p>\n\n\n\n<p>En aquests moments tenim <strong>un Govern que no est\u00e0 per la labor de regular el sector<\/strong> i s\u2019ha mantingut una situaci\u00f3 en contra del sector de les ter\u00e0pies naturals. Ara caldr\u00e0 veure si Pedro S\u00e1nchez continua o no en aquesta l\u00ednia, ja que crec que s\u2019han adonat del gran error que s\u2019ha com\u00e8s. Des del meu punt de vista, <strong>no es pot prohibir alguna cosa que la societat catalana, espanyola o internacional est\u00e0 demandant i que est\u00e0 regulat en les lleis europees<\/strong>. A escala internacional, podem veure com alemanys, francesos o portuguesos han assolit un bon posicionament del sector, a trav\u00e9s d\u2019ajudes de la seguretat social o amb el copagament. La campanya destructiva que el Govern ha portat ha afectat el sector en tots els seus \u00e0mbits, sigui professional, centre d\u2019atenci\u00f3 o centre de formaci\u00f3. <strong>L\u2019homeopatia ha estat una de les \u00e0rees on m\u00e9s destrucci\u00f3 hi ha hagut per part del Ministeri de Sanitat i Universitat,<\/strong> per les campanyes que han portat a terme, denunciades pel sector i que es troben ara mateix en via judicial.&nbsp; Crec que acabar\u00e0 amb una penalitzaci\u00f3 o almenys amb un toc d\u2019atenci\u00f3 per haver afectat al sector.<\/p>\n\n\n\n<p><strong>Cap a\non creu que evolucionar\u00e0 la normativa en els pr\u00f2xims anys?<\/strong><\/p>\n\n\n\n<p>Crec que en el futur hi haur\u00e0 una regulaci\u00f3. I aquesta regulaci\u00f3 vindr\u00e0 per <strong>tres \u00e0mbits de pressi\u00f3: auton\u00f2mic, nacional i europeu<\/strong>. A escala auton\u00f2mica, esperem que la Generalitat prengui consci\u00e8ncia del que s\u2019est\u00e0 produint a Catalunya, perqu\u00e8 hi ha milers de professionals i usuaris que demanden ter\u00e0pies naturals. Per tant, cal <strong>buscar una regulaci\u00f3 que protegeixi l\u2019usuari i perqu\u00e8 es doni una bona cobertura i exercici professional<\/strong>. Catalunya, com la resta de comunitats aut\u00f2nomes no t\u00e9 compet\u00e8ncia, i per tant, la regulaci\u00f3 qui l\u2019hauria de fer \u00e9s el Govern Espanyol, a trav\u00e9s del ministeri de Sanitat. Si no \u00e9s via auton\u00f2mica o nacional, existeix la via europea, que pressiona a Espanya perqu\u00e8 faci els deures. &nbsp;Fa molts anys que se\u2019ls hi est\u00e0 demanant. <\/p>\n\n\n\n<p><strong>Quin\ncreu que \u00e9s el paper del farmac\u00e8utic en el context de les ter\u00e0pies naturals?<\/strong><\/p>\n\n\n\n<p>El farmac\u00e8utic fa molts anys que fa costat a la societat i dona servei i suport en l\u2019\u00e0mbit de la salut. \u00c9s un professional que s\u2019aproxima a les necessitats i demandes de la societat. Per tant, t<strong>\u00e9 la important tasca d\u2019oferir un producte que s\u2019adapti al client amb una recomanaci\u00f3 al darrere. <\/strong>En el mercat hi ha cada vegada m\u00e9s productes nous i els usuaris tenen noves necessitats. Per fer una bona feina i donar un bon consell farmac\u00e8utic, el farmac\u00e8utic i els seus equips han d\u2019estar ben formats i tenir un coneixement adequat, amb base cient\u00edfica al darrere. <\/p>\n\n\n\n<p><strong>Per\nquins motius ha formalitzat la col\u00b7laboraci\u00f3 amb la FEFAC?<\/strong><\/p>\n\n\n\n<p>Des de fa molts anys, ISMET ha format molts farmac\u00e8utics. Davant l\u2019exig\u00e8ncia dels usuaris, que demanden aquests productes, la farm\u00e0cia ha de formar-se per oferir la millor recomanaci\u00f3. <strong>Aquesta col\u00b7laboraci\u00f3 entre la FEFAC i ISMET far\u00e0 arribar una oferta acad\u00e8mica molt variada, extensa i profunda als professionals farmac\u00e8utics, <\/strong>perqu\u00e8 adquireixin totes les compet\u00e8ncies necess\u00e0ries i ofereixin les millors solucions als usuaris. Volem donar aquest servei i, a m\u00e9s, ho farem amb <strong>descomptes per a socis de la FEFAC <\/strong>pel que fa al preu dels cursos.<\/p>\n","protected":false},"excerpt":{"rendered":"<p>Els farmac\u00e8utics associats a la FEFAC que estiguin interessats en l\u2019oferta acad\u00e8mica de l\u2019Institut Superior de Medicines Tradicionals (ISMET) gaudiran d\u2019un descompte del 10% en el preu de la matr\u00edcula dels cursos gr\u00e0cies a un acord al qual s\u2019ha arribat entre ambdues entitats. <\/p>\n","protected":false},"author":2313,"featured_media":16630,"comment_status":"open","ping_status":"open","sticky":false,"template":"","format":"standard","meta":{"_et_pb_use_builder":"off","_et_pb_old_content":"FEFAC i la plataforma d'ofertes d'ocupaci\u00f3 InfoJobs tenen signat un conveni amb l'objectiu de facilitar a les oficines de farm\u00e0cia la recerca del personal que necessiten per configurar els seus equips.\n\nA trav\u00e9s d'aquest acord, els farmac\u00e8utics associats a alguna de les empresarials que formen la FEFAC (AFB, de Barcelona; AGFE, Girona; AFET, Tarragona, i AFELL, Lleida) poden utilitzar el servei que ofereix InfoJobs per trobar candidats amb tarifes especials, que trobareu en el seg\u00fcent enlla\u00e7: <a href=\"http:\/\/fefac.cat\/empresarial\/wp-content\/uploads\/2019\/02\/catalogo-infojobs.pdf\"><strong>Acord FEFAC-Infojobs<\/strong><\/a>\n\nA m\u00e9s, s'amplia a tots els associats el servei de Borsa de Treball que fins ara nom\u00e9s oferia l\u2019AFB, en la l\u00ednia de potenciar els serveis als titulars. D'aquesta manera, des de l'1 de mar\u00e7, les farm\u00e0cies de la resta d'associacions tamb\u00e9 poden utilitzar el servei (posant-se en contacte amb FEFAC, a trav\u00e9s del tel\u00e8fon 93 323 24 22 o via email <a href=\"mailto:fefac@fefac.cat\">fefac@fefac.cat<\/a>).\n\nEl servei \u00e9s molt ben valorat pels titulars de farm\u00e0cia, doncs ha demostrat la seva efici\u00e8ncia. Aix\u00ed ho revelen les dades d'activitat de la Borsa de Treball d\u2019AFB. A&nbsp;trav\u00e9s de la col\u00b7laboraci\u00f3 amb Infojobs, durant el 2018 s\u2019han enviat 1.709 e-mails entre sol\u00b7licituds de farmac\u00e8utics i auxiliars. Hi ha farm\u00e0cies a les quals s\u2019ha enviat m\u00e9s d\u2019un e-mail. Tenint en compte que no totes les farm\u00e0cies comuniquen quan contracten alg\u00fa, es pot confirmar que hi ha hagut un 66% de farm\u00e0cies que han trobat personal a trav\u00e9s de la nostra borsa de treball.\n\n<img style=\"width: 400px; height: 333px;\" src=\"http:\/\/www.fefac.cat\/intranet\/noticies\/_userfiles\/images\/Firma%20convenio_InfoJobs%20y%20Fefac%20per%20a%20web.jpg\" alt=\"\">\n\n<em><small>Antoni&nbsp;Torres, president&nbsp;de FEFAC, i&nbsp;Dominique Cerri, directora general d'InfoJobs<\/small><\/em>\n<div style=\"background: #eee; border: 1px solid #ccc; padding: 5px 10px;\"><strong style=\"font-family: Verdana, Arial, Helvetica, sans-serif; font-size: 12px;\">No has rebut aquesta not\u00edcia per e-mail?&nbsp;<a href=\"https:\/\/fefac.us13.list-manage.com\/subscribe?u=1311ec6dc48b0ce978cd11b98&amp;id=e86c9f9c9d\" target=\"_blank\" rel=\"noopener\">Subscriu-te a la newsletter di\u00e0ria de FEFAC<\/a><\/strong><\/div>","_et_gb_content_width":"","footnotes":""},"categories":[2066,10,11,12,13,14,15,116],"tags":[27,124,131,698,817,1332,1915],"class_list":["post-16629","post","type-post","status-publish","format-standard","has-post-thumbnail","hentry","category-categoria-actualitat","category-empresarials","category-fefac","category-afb","category-afet","category-afell","category-agfe","category-formacio","tag-homeopatia","tag-formacio","tag-terapies-naturals","tag-nutricio","tag-cursos","tag-medicina-xinesa","tag-dietetica"],"yoast_head":"<!-- This site is optimized with the Yoast SEO plugin v27.5 - https:\/\/yoast.com\/product\/yoast-seo-wordpress\/ -->\n<title>FEFAC arriba amb un acord amb ISMET per facilitar l&#039;acc\u00e9s a cursos<\/title>\n<meta name=\"description\" content=\"Els farmac\u00e8utics associats a la FEFAC que estiguin interessats en l\u2019oferta acad\u00e8mica de l\u2019Institut Superior de Medicines Tradicionals (ISMET)\" \/>\n<meta name=\"robots\" content=\"index, follow, max-snippet:-1, max-image-preview:large, max-video-preview:-1\" \/>\n<link rel=\"canonical\" href=\"https:\/\/fefac.cat\/empresarial\/fefac-acord-ismet-formacio-terapies-naturals\/\" \/>\n<meta property=\"og:locale\" content=\"ca_ES\" \/>\n<meta property=\"og:type\" content=\"article\" \/>\n<meta property=\"og:title\" content=\"FEFAC arriba amb un acord amb ISMET per facilitar l&#039;acc\u00e9s a cursos\" \/>\n<meta property=\"og:description\" content=\"Els farmac\u00e8utics associats a la FEFAC que estiguin interessats en l\u2019oferta acad\u00e8mica de l\u2019Institut Superior de Medicines Tradicionals (ISMET)\" \/>\n<meta property=\"og:url\" content=\"https:\/\/fefac.cat\/empresarial\/fefac-acord-ismet-formacio-terapies-naturals\/\" \/>\n<meta property=\"og:site_name\" content=\"FEFAC\" \/>\n<meta property=\"article:published_time\" content=\"2020-01-29T08:17:49+00:00\" \/>\n<meta property=\"article:modified_time\" content=\"2020-01-29T11:34:20+00:00\" \/>\n<meta property=\"og:image\" content=\"https:\/\/fefac.cat\/empresarial\/wp-content\/uploads\/2020\/01\/acord-ismet.jpg\" \/>\n\t<meta property=\"og:image:width\" content=\"1024\" \/>\n\t<meta property=\"og:image:height\" content=\"640\" \/>\n\t<meta property=\"og:image:type\" content=\"image\/jpeg\" \/>\n<meta name=\"author\" content=\"lclavijo@afb.cat\" \/>\n<meta name=\"twitter:card\" content=\"summary_large_image\" \/>\n<meta name=\"twitter:label1\" content=\"Escrit per\" \/>\n\t<meta name=\"twitter:data1\" content=\"lclavijo@afb.cat\" \/>\n\t<meta name=\"twitter:label2\" content=\"Temps estimat de lectura\" \/>\n\t<meta name=\"twitter:data2\" content=\"5 minuts\" \/>\n<script type=\"application\/ld+json\" class=\"yoast-schema-graph\">{\"@context\":\"https:\\\/\\\/schema.org\",\"@graph\":[{\"@type\":\"Article\",\"@id\":\"https:\\\/\\\/fefac.cat\\\/empresarial\\\/fefac-acord-ismet-formacio-terapies-naturals\\\/#article\",\"isPartOf\":{\"@id\":\"https:\\\/\\\/fefac.cat\\\/empresarial\\\/fefac-acord-ismet-formacio-terapies-naturals\\\/\"},\"author\":{\"name\":\"lclavijo@afb.cat\",\"@id\":\"https:\\\/\\\/fefac.cat\\\/empresarial\\\/#\\\/schema\\\/person\\\/6ac15c94fb359972b6bfa9c752486744\"},\"headline\":\"La FEFAC arriba a un acord amb ISMET per facilitar als socis l&#8217;acc\u00e9s a cursos formatius sobre ter\u00e0pies naturals\",\"datePublished\":\"2020-01-29T08:17:49+00:00\",\"dateModified\":\"2020-01-29T11:34:20+00:00\",\"mainEntityOfPage\":{\"@id\":\"https:\\\/\\\/fefac.cat\\\/empresarial\\\/fefac-acord-ismet-formacio-terapies-naturals\\\/\"},\"wordCount\":993,\"commentCount\":0,\"image\":{\"@id\":\"https:\\\/\\\/fefac.cat\\\/empresarial\\\/fefac-acord-ismet-formacio-terapies-naturals\\\/#primaryimage\"},\"thumbnailUrl\":\"https:\\\/\\\/fefac.cat\\\/empresarial\\\/wp-content\\\/uploads\\\/2020\\\/01\\\/acord-ismet.jpg\",\"keywords\":[\"homeopatia\",\"formaci\u00f3\",\"ter\u00e0pies naturals\",\"nutrici\u00f3\",\"cursos\",\"medicina xinesa\",\"diet\u00e8tica\"],\"articleSection\":[\"Actualitat\",\"Empresarials\",\"FEFAC\",\"AFB\",\"AFET\",\"AFELL\",\"AGFE\",\"Formaci\u00f3\"],\"inLanguage\":\"ca\",\"potentialAction\":[{\"@type\":\"CommentAction\",\"name\":\"Comment\",\"target\":[\"https:\\\/\\\/fefac.cat\\\/empresarial\\\/fefac-acord-ismet-formacio-terapies-naturals\\\/#respond\"]}]},{\"@type\":\"WebPage\",\"@id\":\"https:\\\/\\\/fefac.cat\\\/empresarial\\\/fefac-acord-ismet-formacio-terapies-naturals\\\/\",\"url\":\"https:\\\/\\\/fefac.cat\\\/empresarial\\\/fefac-acord-ismet-formacio-terapies-naturals\\\/\",\"name\":\"FEFAC arriba amb un acord amb ISMET per facilitar l'acc\u00e9s a cursos\",\"isPartOf\":{\"@id\":\"https:\\\/\\\/fefac.cat\\\/empresarial\\\/#website\"},\"primaryImageOfPage\":{\"@id\":\"https:\\\/\\\/fefac.cat\\\/empresarial\\\/fefac-acord-ismet-formacio-terapies-naturals\\\/#primaryimage\"},\"image\":{\"@id\":\"https:\\\/\\\/fefac.cat\\\/empresarial\\\/fefac-acord-ismet-formacio-terapies-naturals\\\/#primaryimage\"},\"thumbnailUrl\":\"https:\\\/\\\/fefac.cat\\\/empresarial\\\/wp-content\\\/uploads\\\/2020\\\/01\\\/acord-ismet.jpg\",\"datePublished\":\"2020-01-29T08:17:49+00:00\",\"dateModified\":\"2020-01-29T11:34:20+00:00\",\"author\":{\"@id\":\"https:\\\/\\\/fefac.cat\\\/empresarial\\\/#\\\/schema\\\/person\\\/6ac15c94fb359972b6bfa9c752486744\"},\"description\":\"Els farmac\u00e8utics associats a la FEFAC que estiguin interessats en l\u2019oferta acad\u00e8mica de l\u2019Institut Superior de Medicines Tradicionals (ISMET)\",\"breadcrumb\":{\"@id\":\"https:\\\/\\\/fefac.cat\\\/empresarial\\\/fefac-acord-ismet-formacio-terapies-naturals\\\/#breadcrumb\"},\"inLanguage\":\"ca\",\"potentialAction\":[{\"@type\":\"ReadAction\",\"target\":[\"https:\\\/\\\/fefac.cat\\\/empresarial\\\/fefac-acord-ismet-formacio-terapies-naturals\\\/\"]}]},{\"@type\":\"ImageObject\",\"inLanguage\":\"ca\",\"@id\":\"https:\\\/\\\/fefac.cat\\\/empresarial\\\/fefac-acord-ismet-formacio-terapies-naturals\\\/#primaryimage\",\"url\":\"https:\\\/\\\/fefac.cat\\\/empresarial\\\/wp-content\\\/uploads\\\/2020\\\/01\\\/acord-ismet.jpg\",\"contentUrl\":\"https:\\\/\\\/fefac.cat\\\/empresarial\\\/wp-content\\\/uploads\\\/2020\\\/01\\\/acord-ismet.jpg\",\"width\":1024,\"height\":640},{\"@type\":\"BreadcrumbList\",\"@id\":\"https:\\\/\\\/fefac.cat\\\/empresarial\\\/fefac-acord-ismet-formacio-terapies-naturals\\\/#breadcrumb\",\"itemListElement\":[{\"@type\":\"ListItem\",\"position\":1,\"name\":\"Home\",\"item\":\"https:\\\/\\\/fefac.cat\\\/empresarial\\\/\"},{\"@type\":\"ListItem\",\"position\":2,\"name\":\"La FEFAC arriba a un acord amb ISMET per facilitar als socis l&#8217;acc\u00e9s a cursos formatius sobre ter\u00e0pies naturals\"}]},{\"@type\":\"WebSite\",\"@id\":\"https:\\\/\\\/fefac.cat\\\/empresarial\\\/#website\",\"url\":\"https:\\\/\\\/fefac.cat\\\/empresarial\\\/\",\"name\":\"FEFAC\",\"description\":\"Federaci\u00f3 d&#039;Associacions de Farm\u00e0cies de Catalunya\",\"potentialAction\":[{\"@type\":\"SearchAction\",\"target\":{\"@type\":\"EntryPoint\",\"urlTemplate\":\"https:\\\/\\\/fefac.cat\\\/empresarial\\\/?s={search_term_string}\"},\"query-input\":{\"@type\":\"PropertyValueSpecification\",\"valueRequired\":true,\"valueName\":\"search_term_string\"}}],\"inLanguage\":\"ca\"},{\"@type\":\"Person\",\"@id\":\"https:\\\/\\\/fefac.cat\\\/empresarial\\\/#\\\/schema\\\/person\\\/6ac15c94fb359972b6bfa9c752486744\",\"name\":\"lclavijo@afb.cat\",\"url\":\"https:\\\/\\\/fefac.cat\\\/empresarial\\\/author\\\/laura-2\\\/\"}]}<\/script>\n<!-- \/ Yoast SEO plugin. -->","yoast_head_json":{"title":"FEFAC arriba amb un acord amb ISMET per facilitar l'acc\u00e9s a cursos","description":"Els farmac\u00e8utics associats a la FEFAC que estiguin interessats en l\u2019oferta acad\u00e8mica de l\u2019Institut Superior de Medicines Tradicionals (ISMET)","robots":{"index":"index","follow":"follow","max-snippet":"max-snippet:-1","max-image-preview":"max-image-preview:large","max-video-preview":"max-video-preview:-1"},"canonical":"https:\/\/fefac.cat\/empresarial\/fefac-acord-ismet-formacio-terapies-naturals\/","og_locale":"ca_ES","og_type":"article","og_title":"FEFAC arriba amb un acord amb ISMET per facilitar l'acc\u00e9s a cursos","og_description":"Els farmac\u00e8utics associats a la FEFAC que estiguin interessats en l\u2019oferta acad\u00e8mica de l\u2019Institut Superior de Medicines Tradicionals (ISMET)","og_url":"https:\/\/fefac.cat\/empresarial\/fefac-acord-ismet-formacio-terapies-naturals\/","og_site_name":"FEFAC","article_published_time":"2020-01-29T08:17:49+00:00","article_modified_time":"2020-01-29T11:34:20+00:00","og_image":[{"width":1024,"height":640,"url":"https:\/\/fefac.cat\/empresarial\/wp-content\/uploads\/2020\/01\/acord-ismet.jpg","type":"image\/jpeg"}],"author":"lclavijo@afb.cat","twitter_card":"summary_large_image","twitter_misc":{"Escrit per":"lclavijo@afb.cat","Temps estimat de lectura":"5 minuts"},"schema":{"@context":"https:\/\/schema.org","@graph":[{"@type":"Article","@id":"https:\/\/fefac.cat\/empresarial\/fefac-acord-ismet-formacio-terapies-naturals\/#article","isPartOf":{"@id":"https:\/\/fefac.cat\/empresarial\/fefac-acord-ismet-formacio-terapies-naturals\/"},"author":{"name":"lclavijo@afb.cat","@id":"https:\/\/fefac.cat\/empresarial\/#\/schema\/person\/6ac15c94fb359972b6bfa9c752486744"},"headline":"La FEFAC arriba a un acord amb ISMET per facilitar als socis l&#8217;acc\u00e9s a cursos formatius sobre ter\u00e0pies naturals","datePublished":"2020-01-29T08:17:49+00:00","dateModified":"2020-01-29T11:34:20+00:00","mainEntityOfPage":{"@id":"https:\/\/fefac.cat\/empresarial\/fefac-acord-ismet-formacio-terapies-naturals\/"},"wordCount":993,"commentCount":0,"image":{"@id":"https:\/\/fefac.cat\/empresarial\/fefac-acord-ismet-formacio-terapies-naturals\/#primaryimage"},"thumbnailUrl":"https:\/\/fefac.cat\/empresarial\/wp-content\/uploads\/2020\/01\/acord-ismet.jpg","keywords":["homeopatia","formaci\u00f3","ter\u00e0pies naturals","nutrici\u00f3","cursos","medicina xinesa","diet\u00e8tica"],"articleSection":["Actualitat","Empresarials","FEFAC","AFB","AFET","AFELL","AGFE","Formaci\u00f3"],"inLanguage":"ca","potentialAction":[{"@type":"CommentAction","name":"Comment","target":["https:\/\/fefac.cat\/empresarial\/fefac-acord-ismet-formacio-terapies-naturals\/#respond"]}]},{"@type":"WebPage","@id":"https:\/\/fefac.cat\/empresarial\/fefac-acord-ismet-formacio-terapies-naturals\/","url":"https:\/\/fefac.cat\/empresarial\/fefac-acord-ismet-formacio-terapies-naturals\/","name":"FEFAC arriba amb un acord amb ISMET per facilitar l'acc\u00e9s a cursos","isPartOf":{"@id":"https:\/\/fefac.cat\/empresarial\/#website"},"primaryImageOfPage":{"@id":"https:\/\/fefac.cat\/empresarial\/fefac-acord-ismet-formacio-terapies-naturals\/#primaryimage"},"image":{"@id":"https:\/\/fefac.cat\/empresarial\/fefac-acord-ismet-formacio-terapies-naturals\/#primaryimage"},"thumbnailUrl":"https:\/\/fefac.cat\/empresarial\/wp-content\/uploads\/2020\/01\/acord-ismet.jpg","datePublished":"2020-01-29T08:17:49+00:00","dateModified":"2020-01-29T11:34:20+00:00","author":{"@id":"https:\/\/fefac.cat\/empresarial\/#\/schema\/person\/6ac15c94fb359972b6bfa9c752486744"},"description":"Els farmac\u00e8utics associats a la FEFAC que estiguin interessats en l\u2019oferta acad\u00e8mica de l\u2019Institut Superior de Medicines Tradicionals (ISMET)","breadcrumb":{"@id":"https:\/\/fefac.cat\/empresarial\/fefac-acord-ismet-formacio-terapies-naturals\/#breadcrumb"},"inLanguage":"ca","potentialAction":[{"@type":"ReadAction","target":["https:\/\/fefac.cat\/empresarial\/fefac-acord-ismet-formacio-terapies-naturals\/"]}]},{"@type":"ImageObject","inLanguage":"ca","@id":"https:\/\/fefac.cat\/empresarial\/fefac-acord-ismet-formacio-terapies-naturals\/#primaryimage","url":"https:\/\/fefac.cat\/empresarial\/wp-content\/uploads\/2020\/01\/acord-ismet.jpg","contentUrl":"https:\/\/fefac.cat\/empresarial\/wp-content\/uploads\/2020\/01\/acord-ismet.jpg","width":1024,"height":640},{"@type":"BreadcrumbList","@id":"https:\/\/fefac.cat\/empresarial\/fefac-acord-ismet-formacio-terapies-naturals\/#breadcrumb","itemListElement":[{"@type":"ListItem","position":1,"name":"Home","item":"https:\/\/fefac.cat\/empresarial\/"},{"@type":"ListItem","position":2,"name":"La FEFAC arriba a un acord amb ISMET per facilitar als socis l&#8217;acc\u00e9s a cursos formatius sobre ter\u00e0pies naturals"}]},{"@type":"WebSite","@id":"https:\/\/fefac.cat\/empresarial\/#website","url":"https:\/\/fefac.cat\/empresarial\/","name":"FEFAC","description":"Federaci\u00f3 d&#039;Associacions de Farm\u00e0cies de Catalunya","potentialAction":[{"@type":"SearchAction","target":{"@type":"EntryPoint","urlTemplate":"https:\/\/fefac.cat\/empresarial\/?s={search_term_string}"},"query-input":{"@type":"PropertyValueSpecification","valueRequired":true,"valueName":"search_term_string"}}],"inLanguage":"ca"},{"@type":"Person","@id":"https:\/\/fefac.cat\/empresarial\/#\/schema\/person\/6ac15c94fb359972b6bfa9c752486744","name":"lclavijo@afb.cat","url":"https:\/\/fefac.cat\/empresarial\/author\/laura-2\/"}]}},"_links":{"self":[{"href":"https:\/\/fefac.cat\/empresarial\/wp-json\/wp\/v2\/posts\/16629","targetHints":{"allow":["GET"]}}],"collection":[{"href":"https:\/\/fefac.cat\/empresarial\/wp-json\/wp\/v2\/posts"}],"about":[{"href":"https:\/\/fefac.cat\/empresarial\/wp-json\/wp\/v2\/types\/post"}],"author":[{"embeddable":true,"href":"https:\/\/fefac.cat\/empresarial\/wp-json\/wp\/v2\/users\/2313"}],"replies":[{"embeddable":true,"href":"https:\/\/fefac.cat\/empresarial\/wp-json\/wp\/v2\/comments?post=16629"}],"version-history":[{"count":0,"href":"https:\/\/fefac.cat\/empresarial\/wp-json\/wp\/v2\/posts\/16629\/revisions"}],"wp:featuredmedia":[{"embeddable":true,"href":"https:\/\/fefac.cat\/empresarial\/wp-json\/wp\/v2\/media\/16630"}],"wp:attachment":[{"href":"https:\/\/fefac.cat\/empresarial\/wp-json\/wp\/v2\/media?parent=16629"}],"wp:term":[{"taxonomy":"category","embeddable":true,"href":"https:\/\/fefac.cat\/empresarial\/wp-json\/wp\/v2\/categories?post=16629"},{"taxonomy":"post_tag","embeddable":true,"href":"https:\/\/fefac.cat\/empresarial\/wp-json\/wp\/v2\/tags?post=16629"}],"curies":[{"name":"wp","href":"https:\/\/api.w.org\/{rel}","templated":true}]}}