{"id":16639,"date":"2020-01-29T17:26:14","date_gmt":"2020-01-29T16:26:14","guid":{"rendered":"https:\/\/fefac.cat\/empresarial\/?p=16639"},"modified":"2020-01-30T11:11:54","modified_gmt":"2020-01-30T10:11:54","slug":"nova-programacio-de-cursos-ismet-febrer-2020","status":"publish","type":"post","link":"https:\/\/fefac.cat\/empresarial\/nova-programacio-de-cursos-ismet-febrer-2020\/","title":{"rendered":"Nova programaci\u00f3 de cursos online i presencials  d&#8217;ISMET (febrer 2020)"},"content":{"rendered":"\n<h2 class=\"wp-block-heading\">Els socis de la FEFAC poden gaudir de descomptes en els preus dels cursos d&#8217;ISMET<\/h2>\n\n\n\n<p> El farmac\u00e8utic t\u00e9<strong> la important tasca d\u2019oferir productes que s\u2019adaptin a les necessitats dels clients amb una recomanaci\u00f3 adient.&nbsp;<\/strong>En el mercat hi ha cada vegada m\u00e9s productes naturals que responen a noves necessitats. &#8220;Per fer una bona feina i donar un bon consell, el farmac\u00e8utic i els seus equips han d\u2019estar ben formats i tenir un coneixement adequat, amb base cient\u00edfica al darrere&#8221;, assegura l&#8217;\u00c0lex Badrena, director general d&#8217;ISMET.<\/p>\n\n\n\n<p><strong>Qu\u00e8 \u00e9s ISMET?<\/strong><\/p>\n\n\n\n<p>ISMET \u00e9s un centre de formaci\u00f3 en ter\u00e0pies naturals que va n\u00e9ixer l\u2019any 1992.  Tota l\u2019oferta va comen\u00e7ar amb la&nbsp;<strong>medicina tradicional xinesa&nbsp;<\/strong>com a base i s\u2019ha anat incrementant al llarg dels anys. Ara mateix t\u00e9 aproximadament 300 formacions anuals, amb diferents modalitats (presencial, semipresencial u online).  <\/p>\n\n\n\n<p><strong>Acord ISMET &#8211; FEFAC<\/strong><\/p>\n\n\n\n<p>Gr\u00e0cies al recent <a rel=\"noreferrer noopener\" aria-label=\"acord entre la FEFAC i ISMET (s'obre en una nova pestanya)\" href=\"https:\/\/fefac.cat\/empresarial\/fefac-acord-ismet-formacio-terapies-naturals\/\" target=\"_blank\">acord entre la FEFAC i ISMET<\/a>, els farmac\u00e8utics associats a l&#8217;empresarial que estiguin interessats en l\u2019oferta acad\u00e8mica de<a rel=\"noreferrer noopener\" href=\"http:\/\/ismet.es\/\" target=\"_blank\">&nbsp;l\u2019Institut Superior de Medicines Tradicionals (ISMET)<\/a>&nbsp;gaudiran d\u2019un<strong>&nbsp;descompte del 10%  de descompte<\/strong>  <em><span style=\"text-decoration: underline\"><strong>(aplicable al preu dels monogr\u00e0fics, consultar descomptes dels t\u00e8cnics, m\u00e0sters i graduats amb <a rel=\"noreferrer noopener\" aria-label=\"ISMET (s'obre en una nova pestanya)\" href=\"http:\/\/ismet.es\/contact\/\" target=\"_blank\">ISMET<\/a>)<\/strong><\/span><\/em>. <\/p>\n\n\n\n<p>A continuaci\u00f3 trobar\u00e0s la programaci\u00f3 dels cursos del mes de febrer:<\/p>\n\n\n\n<p><\/p>\n\n\n\n<figure class=\"wp-block-table alignleft is-style-stripes\"><table class=\"\"><tbody><tr><td><a href=\"http:\/\/ismet.es\/tecnicas-en-alimentacion-natural\/\" target=\"_blank\" rel=\"noreferrer noopener\" aria-label=\"T\u00e8cnic   en Alimentaci\u00f3 natural (s'obre en una nova pestanya)\">T\u00e8cnic   en Alimentaci\u00f3 natural<\/a><\/td><td>PRESENCIAL I ONLINE<\/td><td>3-2-20                   <\/td><td>1 curs acad\u00e8mic<\/td><td>2.373 \u20ac          <br>   <\/td><\/tr><tr><td><a href=\"http:\/\/ismet.es\/graduado-homeopatia-online\/\" target=\"_blank\" rel=\"noreferrer noopener\" aria-label=\"M\u00e0ster en Homeopatia (s'obre en una nova pestanya)\">M\u00e0ster en Homeopatia<\/a><\/td><td>ONLINE<\/td><td>3-2-20<\/td><td>1 curs acad\u00e8mic<\/td><td>1.461 \u20ac<\/td><\/tr><tr><td><a href=\"http:\/\/ismet.es\/master-en-medicina-naturista\/\" target=\"_blank\" rel=\"noreferrer noopener\" aria-label=\"M\u00e0ster en Medicina Naturista (s'obre en una nova pestanya)\">M\u00e0ster en Medicina Naturista<\/a><\/td><td>PRESENCIAL I ONLINE<\/td><td>4-2-20<\/td><td>1 curs acad\u00e8mic<\/td><td>2.763 \u20ac<\/td><\/tr><tr><td><a rel=\"noreferrer noopener\" aria-label=\"Fitoter\u00e0pia -plantes   medicinals- (s'obre en una nova pestanya)\" href=\"http:\/\/ismet.es\/fitoterapia\/\" target=\"_blank\">Fitoter\u00e0pia -plantes medicinals-<\/a><\/td><td>ONLINE<\/td><td>4-2-20<\/td><td>10 mesos<\/td><td>1.240 \u20ac<\/td><\/tr><tr><td><a rel=\"noreferrer noopener\" aria-label=\"Ter\u00e0pia ortomolecular   -complementaci\u00f3 nutricional- (s'obre en una nova pestanya)\" href=\"http:\/\/ismet.es\/nutricion-ortomolecular-online\/\" target=\"_blank\">Ter\u00e0pia ortomolecular  <\/a><br><a rel=\"noreferrer noopener\" aria-label=\"Ter\u00e0pia ortomolecular   -complementaci\u00f3 nutricional- (s'obre en una nova pestanya)\" href=\"http:\/\/ismet.es\/nutricion-ortomolecular-online\/\" target=\"_blank\">-complementaci\u00f3 nutricional-<\/a><\/td><td>ONLINE<\/td><td>4-2-20<\/td><td>10 mesos<\/td><td>1.240 \u20ac<\/td><\/tr><tr><td><a rel=\"noreferrer noopener\" aria-label=\"Nutrici\u00f3, Diet\u00e8tica i Pautes   d\u00b4alimentaci\u00f3 saludable (s'obre en una nova pestanya)\" href=\"http:\/\/ismet.es\/nutricion-y-dietetica\/\" target=\"_blank\">Nutrici\u00f3, Diet\u00e8tica i Pautes<\/a><br><a rel=\"noreferrer noopener\" aria-label=\"Nutrici\u00f3, Diet\u00e8tica i Pautes   d\u00b4alimentaci\u00f3 saludable (s'obre en una nova pestanya)\" href=\"http:\/\/ismet.es\/nutricion-y-dietetica\/\" target=\"_blank\"> d&#8217;alimentaci\u00f3 saludable<\/a><\/td><td>PRESENCIAL I ONLINE<\/td><td>4-2-20<\/td><td>10 mesos<\/td><td>1.360 \u20ac<\/td><\/tr><tr><td><a href=\"http:\/\/ismet.es\/nutricion-dietetica-y-cocina-vegana\/\" target=\"_blank\" rel=\"noreferrer noopener\" aria-label=\"Nutrici\u00f3, Diet\u00e8tica i Cuina   vegana (s'obre en una nova pestanya)\">Nutrici\u00f3, Diet\u00e8tica i Cuina   vegana<\/a><\/td><td>PRESENCIAL I ONLINE<\/td><td>4-2-20<\/td><td>10 mesos<\/td><td>1.609 \u20ac<\/td><\/tr><tr><td><a href=\"http:\/\/ismet.es\/dietoterapia-comparada\/\" target=\"_blank\" rel=\"noreferrer noopener\" aria-label=\"Dietoter\u00e0pia bionerg\u00e8tica&nbsp; (s'obre en una nova pestanya)\">Dietoter\u00e0pia bionerg\u00e8tica&nbsp;<\/a><\/td><td>ONLINE<\/td><td>4-2-20<\/td><td>6 mesos<\/td><td>750 \u20ac<\/td><\/tr><tr><td><a href=\"http:\/\/ismet.es\/flores-de-bach\/\" target=\"_blank\" rel=\"noreferrer noopener\" aria-label=\"Flors de Bach (s'obre en una nova pestanya)\">Flors de Bach<\/a><\/td><td>ONLINE<\/td><td>4-2-20<\/td><td>5 mesos<\/td><td>700 \u20ac<\/td><\/tr><tr><td><a href=\"http:\/\/ismet.es\/aromaterapia\/\" target=\"_blank\" rel=\"noreferrer noopener\" aria-label=\"Aromater\u00e0pia I (s'obre en una nova pestanya)\">Aromater\u00e0pia I<\/a><\/td><td>PRESENCIAL<\/td><td>4-2-20<\/td><td>3 setmanes<\/td><td>169,40 \u20ac<\/td><\/tr><tr><td><a rel=\"noreferrer noopener\" aria-label=\"Especialitzaci\u00f3 en  dietoter\u00e0pia naturista, l\u00b4obessitat (s'obre en una nova pestanya)\" href=\"http:\/\/ismet.es\/dietoterapia-obesidad-online\/\" target=\"_blank\">Especialitzaci\u00f3 en  dietoter\u00e0pia <\/a><br><a rel=\"noreferrer noopener\" aria-label=\"Especialitzaci\u00f3 en  dietoter\u00e0pia naturista, l\u00b4obessitat (s'obre en una nova pestanya)\" href=\"http:\/\/ismet.es\/dietoterapia-obesidad-online\/\" target=\"_blank\">naturista, l\u00b4obessitat<\/a><\/td><td>ONLINE<\/td><td>4-2-20<\/td><td>2 setmanes<\/td><td>163 \u20ac<\/td><\/tr><tr><td><a rel=\"noreferrer noopener\" aria-label=\"Anal\u00edtiques i el seu abordatge   amb ter\u00e0pia ortomolecular i afins \/ Hormonologia (s'obre en una nova pestanya)\" href=\"http:\/\/ismet.es\/analiticas-hormonologia\/\" target=\"_blank\">Anal\u00edtiques i el seu abordatge <\/a><br><a rel=\"noreferrer noopener\" aria-label=\"Anal\u00edtiques i el seu abordatge   amb ter\u00e0pia ortomolecular i afins \/ Hormonologia (s'obre en una nova pestanya)\" href=\"http:\/\/ismet.es\/analiticas-hormonologia\/\" target=\"_blank\"> amb ter\u00e0pia ortomolecular i <\/a><br><a rel=\"noreferrer noopener\" aria-label=\"Anal\u00edtiques i el seu abordatge   amb ter\u00e0pia ortomolecular i afins \/ Hormonologia (s'obre en una nova pestanya)\" href=\"http:\/\/ismet.es\/analiticas-hormonologia\/\" target=\"_blank\">afins \/ Hormonologia<\/a><\/td><td>ONLINE<\/td><td>4-2-20<\/td><td>2 setmanes<\/td><td>150 \u20ac<\/td><\/tr><tr><td><a rel=\"noreferrer noopener\" aria-label=\"TDHA i aprenentatge infantil   amb nutrici\u00f3 infantil i t\u00e8cniques afins (s'obre en una nova pestanya)\" href=\"http:\/\/ismet.es\/tdha-y-aprendizaje-infantil-con-nutricion-ortomolecular-online\/\" target=\"_blank\">TDHA i aprenentatge infantil amb nutrici\u00f3<\/a><br><a rel=\"noreferrer noopener\" aria-label=\"TDHA i aprenentatge infantil   amb nutrici\u00f3 infantil i t\u00e8cniques afins (s'obre en una nova pestanya)\" href=\"http:\/\/ismet.es\/tdha-y-aprendizaje-infantil-con-nutricion-ortomolecular-online\/\" target=\"_blank\"> infantil i t\u00e8cniques afins<\/a><\/td><td>ONLINE<\/td><td>4-2-20<\/td><td>10 dies<\/td><td>70 \u20ac<\/td><\/tr><tr><td><a rel=\"noreferrer noopener\" aria-label=\"Nutrici\u00f3 i suplementaci\u00f3 en   infertilitat, embar\u00e0s i lact\u00e0ncia (s'obre en una nova pestanya)\" href=\"http:\/\/ismet.es\/nutricion-y-suplementacion-en-infertilidad-embarazo-y-lactancia\/\" target=\"_blank\">Nutrici\u00f3 i suplementaci\u00f3 en<\/a><br><a rel=\"noreferrer noopener\" aria-label=\"Nutrici\u00f3 i suplementaci\u00f3 en   infertilitat, embar\u00e0s i lact\u00e0ncia (s'obre en una nova pestanya)\" href=\"http:\/\/ismet.es\/nutricion-y-suplementacion-en-infertilidad-embarazo-y-lactancia\/\" target=\"_blank\"> infertilitat, embar\u00e0s i lact\u00e0ncia<\/a><\/td><td>ONLINE<\/td><td>4-2-20<\/td><td>2 setmanes<\/td><td>150 \u20ac<\/td><\/tr><tr><td><a rel=\"noreferrer noopener\" aria-label=\"Neteja i trastorns hep\u00e0tics   amb nutrici\u00f3 ortomolecular i t\u00e8cniques afins (s'obre en una nova pestanya)\" href=\"http:\/\/ismet.es\/ortomolecular-limpieza-hepatica-online\/\" target=\"_blank\">Neteja i trastorns hep\u00e0tics  amb nutrici\u00f3 <\/a><br> <a rel=\"noreferrer noopener\" aria-label=\"Neteja i trastorns hep\u00e0tics   amb nutrici\u00f3 ortomolecular i t\u00e8cniques afins (s'obre en una nova pestanya)\" href=\"http:\/\/ismet.es\/ortomolecular-limpieza-hepatica-online\/\" target=\"_blank\">ortomolecular i t\u00e8cniques afins<\/a><\/td><td>ONLINE<\/td><td>4-2-20<\/td><td>10 dies<\/td><td>70 \u20ac<\/td><\/tr><tr><td><a rel=\"noreferrer noopener\" aria-label=\"Parkinson, Alzheimer i   Dem\u00e8ncia senil amb ter\u00e0pia ortomolecular i afins (s'obre en una nova pestanya)\" href=\"http:\/\/ismet.es\/taller-de-parkinson-alzheimer-y-demencia-senil-online\/\" target=\"_blank\">Parkinson, Alzheimer i   Dem\u00e8ncia senil <\/a><br><a rel=\"noreferrer noopener\" aria-label=\"Parkinson, Alzheimer i   Dem\u00e8ncia senil amb ter\u00e0pia ortomolecular i afins (s'obre en una nova pestanya)\" href=\"http:\/\/ismet.es\/taller-de-parkinson-alzheimer-y-demencia-senil-online\/\" target=\"_blank\">amb ter\u00e0pia ortomolecular i afins<\/a><\/td><td>ONLINE<\/td><td>4-2-20<\/td><td>10 dies<\/td><td>70 \u20ac<\/td><\/tr><tr><td><a rel=\"noreferrer noopener\" aria-label=\"Nutrici\u00f3 i suplementaci\u00f3 en   reumatologia (s'obre en una nova pestanya)\" href=\"http:\/\/ismet.es\/ortomolecular-reumatologia\/\" target=\"_blank\">Nutrici\u00f3 i suplementaci\u00f3 en reumatologia<\/a><\/td><td>ONLINE<\/td><td>4-2-20<\/td><td>2 setmanes<\/td><td>150 \u20ac<\/td><\/tr><tr><td><a rel=\"noreferrer noopener\" aria-label=\"Nutrici\u00f3 i suplementaci\u00f3 en   alteracions tiroidees (s'obre en una nova pestanya)\" href=\"http:\/\/ismet.es\/ortomolecular-tiroideas-online\/\" target=\"_blank\">Nutrici\u00f3 i suplementaci\u00f3 en  <\/a><br><a rel=\"noreferrer noopener\" aria-label=\"Nutrici\u00f3 i suplementaci\u00f3 en   alteracions tiroidees (s'obre en una nova pestanya)\" href=\"http:\/\/ismet.es\/ortomolecular-tiroideas-online\/\" target=\"_blank\">alteracions tiroidees<\/a><\/td><td>ONLINE<\/td><td>4-2-20<\/td><td>2 setmanes<\/td><td>150 \u20ac<\/td><\/tr><tr><td><a href=\"http:\/\/ismet.es\/emonutricion-emociones-y-alimentacion\/\" target=\"_blank\" rel=\"noreferrer noopener\" aria-label=\"Emonutrici\u00f3, emocions i   alimentaci\u00f3 (s'obre en una nova pestanya)\">Emonutrici\u00f3, emocions i   alimentaci\u00f3<\/a><\/td><td>ONLINE<\/td><td>4-2-20<\/td><td>1 mes<\/td><td>169 \u20ac<\/td><\/tr><tr><td><a href=\"http:\/\/ismet.es\/online_nutricion-deportiva\/\" target=\"_blank\" rel=\"noreferrer noopener\" aria-label=\"Nutrici\u00f3 esportiva (s'obre en una nova pestanya)\">Nutrici\u00f3 esportiva<\/a><\/td><td>ONLINE<\/td><td>4-2-20<\/td><td>3 setmanes<\/td><td>122 \u20ac<\/td><\/tr><tr><td><a rel=\"noreferrer noopener\" aria-label=\"Taller de dermocosm\u00e8tica   natural: dermatosi (s'obre en una nova pestanya)\" href=\"http:\/\/ismet.es\/productos-para-dermatosis\/\" target=\"_blank\">Taller de dermocosm\u00e8tica  natural: dermatosi<\/a><\/td><td>PRESENCIAL<\/td><td>5-2-20<\/td><td>3 hores<\/td><td>45 \u20ac<\/td><\/tr><tr><td><a href=\"http:\/\/ismet.es\/naturopatia-funcional-oligoelementos-sales-schussler-organoterapia\/\" target=\"_blank\" rel=\"noreferrer noopener\" aria-label=\"Biosals, Oligoelements i   Organoter\u00e0pia (s'obre en una nova pestanya)\">Biosals, Oligoelements i   Organoter\u00e0pia<\/a><\/td><td>PRESENCIAL<br>\n    <\/td><td>6-2-20<\/td><td>5 mesos<\/td><td>620 \u20ac<\/td><\/tr><tr><td><a rel=\"noreferrer noopener\" aria-label=\"Taller de cosm\u00e8tica natural,   productes per al cabell: locions i acondicionadors (s'obre en una nova pestanya)\" href=\"http:\/\/ismet.es\/champus-y-acondicionadores\/\" target=\"_blank\">Taller de cosm\u00e8tica natural, <\/a><br><a rel=\"noreferrer noopener\" aria-label=\"Taller de cosm\u00e8tica natural,   productes per al cabell: locions i acondicionadors (s'obre en una nova pestanya)\" href=\"http:\/\/ismet.es\/champus-y-acondicionadores\/\" target=\"_blank\"> productes per al cabell: locions<\/a><br><a rel=\"noreferrer noopener\" aria-label=\"Taller de cosm\u00e8tica natural,   productes per al cabell: locions i acondicionadors (s'obre en una nova pestanya)\" href=\"http:\/\/ismet.es\/champus-y-acondicionadores\/\" target=\"_blank\"> i acondicionadors<\/a><\/td><td>PRESENCIAL<\/td><td>19-2-20<\/td><td>3 hores<\/td><td>45 \u20ac<\/td><\/tr><tr><td><a href=\"http:\/\/ismet.es\/flores-de-bach\/\" target=\"_blank\" rel=\"noreferrer noopener\" aria-label=\"Flors de Bach (s'obre en una nova pestanya)\">Flors de Bach<\/a><\/td><td>PRESENCIAL<br>\n    <\/td><td>22-2-20<\/td><td>5 mesos<\/td><td>700 \u20ac<\/td><\/tr><\/tbody><\/table><\/figure>\n","protected":false},"excerpt":{"rendered":"<p>Gr\u00e0cies al recent acord entre la FEFAC i ISMET, els farmac\u00e8utics associats a l&#8217;empresarial que estiguin interessats en l\u2019oferta acad\u00e8mica de l\u2019Institut Superior de Medicines Tradicionals (ISMET) gaudiran d\u2019un descompte del 10%  de descompte  (aplicable al preu dels monogr\u00e0fics, consultar descomptes dels t\u00e8cnics, m\u00e0sters i graduats amb ISMET). <\/p>\n","protected":false},"author":2313,"featured_media":16680,"comment_status":"closed","ping_status":"open","sticky":false,"template":"","format":"standard","meta":{"_et_pb_use_builder":"off","_et_pb_old_content":"<!-- wp:heading -->\n<h2>Els socis de la FEFAC poden gaudir de descomptes en els preus dels cursos d'ISMET<\/h2>\n<!-- \/wp:heading -->\n\n<!-- wp:paragraph -->\n<p> El farmac\u00e8utic t\u00e9<strong> la important tasca d\u2019oferir productes que s\u2019adaptin a les necessitats dels clients amb una recomanaci\u00f3 adient.\u00a0<\/strong>En el mercat hi ha cada vegada m\u00e9s productes naturals que responen a noves necessitats. \"Per fer una bona feina i donar un bon consell, el farmac\u00e8utic i els seus equips han d\u2019estar ben formats i tenir un coneixement adequat, amb base cient\u00edfica al darrere\", assegura l'\u00c0lex Badrena, director general d'ISMET.<\/p>\n<!-- \/wp:paragraph -->\n\n<!-- wp:paragraph -->\n<p><strong>Qu\u00e8 \u00e9s ISMET?<\/strong><\/p>\n<!-- \/wp:paragraph -->\n\n<!-- wp:paragraph -->\n<p>ISMET \u00e9s un centre de formaci\u00f3 en ter\u00e0pies naturals que va n\u00e9ixer l\u2019any 1992.  Tota l\u2019oferta va comen\u00e7ar amb la&nbsp;<strong>medicina tradicional xinesa&nbsp;<\/strong>com a base i s\u2019ha anat incrementant al llarg dels anys. Ara mateix t\u00e9 aproximadament 300 formacions anuals, amb diferents modalitats (presencial, semipresencial u online).  <\/p>\n<!-- \/wp:paragraph -->\n\n<!-- wp:paragraph -->\n<p><strong>Acord ISMET - FEFAC<\/strong><\/p>\n<!-- \/wp:paragraph -->\n\n<!-- wp:paragraph -->\n<p>Gr\u00e0cies al recent <a rel=\"noreferrer noopener\" aria-label=\"acord entre la FEFAC i ISMET (s'obre en una nova pestanya)\" href=\"https:\/\/fefac.cat\/empresarial\/fefac-acord-ismet-formacio-terapies-naturals\/\" target=\"_blank\">acord entre la FEFAC i ISMET<\/a>, els farmac\u00e8utics associats a l'empresarial que estiguin interessats en l\u2019oferta acad\u00e8mica de<a rel=\"noreferrer noopener\" href=\"http:\/\/ismet.es\/\" target=\"_blank\">&nbsp;l\u2019Institut Superior de Medicines Tradicionals (ISMET)<\/a>&nbsp;gaudiran d\u2019un<strong>&nbsp;descompte del 10%  de descompte<\/strong>  <em><span style=\"text-decoration: underline\"><strong>(aplicable al preu dels monogr\u00e0fics, consultar descomptes dels t\u00e8cnics, m\u00e0sters i graduats amb <a rel=\"noreferrer noopener\" aria-label=\"ISMET (s'obre en una nova pestanya)\" href=\"http:\/\/ismet.es\/contact\/\" target=\"_blank\">ISMET<\/a>)<\/strong><\/span><\/em>. <\/p>\n<!-- \/wp:paragraph -->\n\n<!-- wp:paragraph -->\n<p>A continuaci\u00f3 trobar\u00e0s la programaci\u00f3 dels cursos del mes de febrer:<\/p>\n<!-- \/wp:paragraph -->\n\n<!-- wp:paragraph -->\n<p><\/p>\n<!-- \/wp:paragraph -->\n\n<!-- wp:table {\"align\":\"left\",\"className\":\"is-style-stripes\"} -->\n<figure class=\"wp-block-table alignleft is-style-stripes\"><table class=\"\"><tbody><tr><td><a href=\"http:\/\/ismet.es\/tecnicas-en-alimentacion-natural\/\" target=\"_blank\" rel=\"noreferrer noopener\" aria-label=\"T\u00e8cnic   en Alimentaci\u00f3 natural (s'obre en una nova pestanya)\">T\u00e8cnic   en Alimentaci\u00f3 natural<\/a><\/td><td>PRESENCIAL I ONLINE<\/td><td>03-02-20                <\/td><td>1 curs acad\u00e8mic<\/td><td>2.373 \u20ac     <\/td><\/tr><tr><td><a href=\"http:\/\/ismet.es\/graduado-homeopatia-online\/\" target=\"_blank\" rel=\"noreferrer noopener\" aria-label=\"M\u00e0ster en Homeopatia (s'obre en una nova pestanya)\">M\u00e0ster en Homeopatia<\/a><\/td><td>ONLINE<\/td><td>03-02-20<\/td><td>1 curs acad\u00e8mic<\/td><td>1.461 \u20ac<\/td><\/tr><tr><td><a href=\"http:\/\/ismet.es\/master-en-medicina-naturista\/\" target=\"_blank\" rel=\"noreferrer noopener\" aria-label=\"M\u00e0ster en Medicina Naturista (s'obre en una nova pestanya)\">M\u00e0ster en Medicina Naturista<\/a><\/td><td>PRESENCIAL I ONLINE<\/td><td>04-02-20<\/td><td>1 curs acad\u00e8mic<\/td><td>2.763 \u20ac<\/td><\/tr><tr><td><a href=\"http:\/\/ismet.es\/fitoterapia\/\" target=\"_blank\" rel=\"noreferrer noopener\" aria-label=\"Fitoter\u00e0pia -plantes   medicinals- (s'obre en una nova pestanya)\">Fitoter\u00e0pia -plantes   medicinals-<\/a><\/td><td>ONLINE<\/td><td>04-02-20<\/td><td>10 mesos<\/td><td>1.240 \u20ac<\/td><\/tr><tr><td><a href=\"http:\/\/ismet.es\/nutricion-ortomolecular-online\/\" target=\"_blank\" rel=\"noreferrer noopener\" aria-label=\"Ter\u00e0pia ortomolecular   -complementaci\u00f3 nutricional- (s'obre en una nova pestanya)\">Ter\u00e0pia ortomolecular   -complementaci\u00f3 nutricional-<\/a><\/td><td>ONLINE<\/td><td>04-02-20<\/td><td>10 mesos<\/td><td>1.240 \u20ac<\/td><\/tr><tr><td><a rel=\"noreferrer noopener\" aria-label=\"Nutrici\u00f3, Diet\u00e8tica i Pautes   d\u00b4alimentaci\u00f3 saludable (s'obre en una nova pestanya)\" href=\"http:\/\/ismet.es\/nutricion-y-dietetica\/\" target=\"_blank\">Nutrici\u00f3, Diet\u00e8tica i Pautes d'alimentaci\u00f3 saludable<\/a><\/td><td>PRESENCIAL I ONLINE<\/td><td>04-02-20<\/td><td>10 mesos<\/td><td>1.360 \u20ac<\/td><\/tr><tr><td><a href=\"http:\/\/ismet.es\/nutricion-dietetica-y-cocina-vegana\/\" target=\"_blank\" rel=\"noreferrer noopener\" aria-label=\"Nutrici\u00f3, Diet\u00e8tica i Cuina   vegana (s'obre en una nova pestanya)\">Nutrici\u00f3, Diet\u00e8tica i Cuina   vegana<\/a><\/td><td>PRESENCIAL I ONLINE<\/td><td>04-02-20<\/td><td>10 mesos<\/td><td>1.609 \u20ac<\/td><\/tr><tr><td><a href=\"http:\/\/ismet.es\/dietoterapia-comparada\/\" target=\"_blank\" rel=\"noreferrer noopener\" aria-label=\"Dietoter\u00e0pia bionerg\u00e8tica&nbsp; (s'obre en una nova pestanya)\">Dietoter\u00e0pia bionerg\u00e8tica&nbsp;<\/a><\/td><td>ONLINE<\/td><td>04-02-20<\/td><td>6 mesos<\/td><td>750 \u20ac<\/td><\/tr><tr><td><a href=\"http:\/\/ismet.es\/flores-de-bach\/\" target=\"_blank\" rel=\"noreferrer noopener\" aria-label=\"Flors de Bach (s'obre en una nova pestanya)\">Flors de Bach<\/a><\/td><td>ONLINE<\/td><td>04-02-20<\/td><td>5 mesos<\/td><td>700 \u20ac<\/td><\/tr><tr><td><a href=\"http:\/\/ismet.es\/aromaterapia\/\" target=\"_blank\" rel=\"noreferrer noopener\" aria-label=\"Aromater\u00e0pia I (s'obre en una nova pestanya)\">Aromater\u00e0pia I<\/a><\/td><td>PRESENCIAL<\/td><td>04-02-20<\/td><td>3 setmanes<\/td><td>169,40 \u20ac<\/td><\/tr><tr><td><a href=\"http:\/\/ismet.es\/dietoterapia-obesidad-online\/\" target=\"_blank\" rel=\"noreferrer noopener\" aria-label=\"Especialitzaci\u00f3 en  dietoter\u00e0pia naturista, l\u00b4obessitat (s'obre en una nova pestanya)\">Especialitzaci\u00f3 en  dietoter\u00e0pia naturista, l\u00b4obessitat<\/a><\/td><td>ONLINE<\/td><td>04-02-20<\/td><td>2 setmanes<\/td><td>163 \u20ac<\/td><\/tr><tr><td><a href=\"http:\/\/ismet.es\/analiticas-hormonologia\/\" target=\"_blank\" rel=\"noreferrer noopener\" aria-label=\"Anal\u00edtiques i el seu abordatge   amb ter\u00e0pia ortomolecular i afins \/ Hormonologia (s'obre en una nova pestanya)\">Anal\u00edtiques i el seu abordatge   amb ter\u00e0pia ortomolecular i afins \/ Hormonologia<\/a><\/td><td>ONLINE<\/td><td>04-02-20<\/td><td>2 setmanes<\/td><td>150 \u20ac<\/td><\/tr><tr><td><a rel=\"noreferrer noopener\" aria-label=\"TDHA i aprenentatge infantil   amb nutrici\u00f3 infantil i t\u00e8cniques afins (s'obre en una nova pestanya)\" href=\"http:\/\/ismet.es\/tdha-y-aprendizaje-infantil-con-nutricion-ortomolecular-online\/\" target=\"_blank\">TDHA i aprenentatge infantil amb nutrici\u00f3 infantil i t\u00e8cniques afins<\/a><\/td><td>ONLINE<\/td><td>04-02-20<\/td><td>10 dies<\/td><td>70 \u20ac<\/td><\/tr><tr><td><a rel=\"noreferrer noopener\" aria-label=\"Nutrici\u00f3 i suplementaci\u00f3 en   infertilitat, embar\u00e0s i lact\u00e0ncia (s'obre en una nova pestanya)\" href=\"http:\/\/ismet.es\/nutricion-y-suplementacion-en-infertilidad-embarazo-y-lactancia\/\" target=\"_blank\">Nutrici\u00f3 i suplementaci\u00f3 en infertilitat, embar\u00e0s i lact\u00e0ncia<\/a><\/td><td>ONLINE<\/td><td>04-02-20<\/td><td>2 setmanes<\/td><td>150 \u20ac<\/td><\/tr><tr><td><a rel=\"noreferrer noopener\" aria-label=\"Neteja i trastorns hep\u00e0tics   amb nutrici\u00f3 ortomolecular i t\u00e8cniques afins (s'obre en una nova pestanya)\" href=\"http:\/\/ismet.es\/ortomolecular-limpieza-hepatica-online\/\" target=\"_blank\">Neteja i trastorns hep\u00e0tics  amb nutrici\u00f3 <\/a> <a rel=\"noreferrer noopener\" aria-label=\"Neteja i trastorns hep\u00e0tics   amb nutrici\u00f3 ortomolecular i t\u00e8cniques afins (s'obre en una nova pestanya)\" href=\"http:\/\/ismet.es\/ortomolecular-limpieza-hepatica-online\/\" target=\"_blank\">ortomolecular i t\u00e8cniques afins<\/a><\/td><td>ONLINE<\/td><td>04-02-20<\/td><td>10 dies<\/td><td>70 \u20ac<\/td><\/tr><tr><td><a href=\"http:\/\/ismet.es\/taller-de-parkinson-alzheimer-y-demencia-senil-online\/\" target=\"_blank\" rel=\"noreferrer noopener\" aria-label=\"Parkinson, Alzheimer i   Dem\u00e8ncia senil amb ter\u00e0pia ortomolecular i afins (s'obre en una nova pestanya)\">Parkinson, Alzheimer i   Dem\u00e8ncia senil amb ter\u00e0pia ortomolecular i afins<\/a><\/td><td>ONLINE<\/td><td>04-02-20<\/td><td>10 dies<\/td><td>70 \u20ac<\/td><\/tr><tr><td><a rel=\"noreferrer noopener\" aria-label=\"Nutrici\u00f3 i suplementaci\u00f3 en   reumatologia (s'obre en una nova pestanya)\" href=\"http:\/\/ismet.es\/ortomolecular-reumatologia\/\" target=\"_blank\">Nutrici\u00f3 i suplementaci\u00f3 en reumatologia<\/a><\/td><td>ONLINE<\/td><td>04-02-20<\/td><td>2 setmanes<\/td><td>150 \u20ac<\/td><\/tr><tr><td><a href=\"http:\/\/ismet.es\/ortomolecular-tiroideas-online\/\" target=\"_blank\" rel=\"noreferrer noopener\" aria-label=\"Nutrici\u00f3 i suplementaci\u00f3 en   alteracions tiroidees (s'obre en una nova pestanya)\">Nutrici\u00f3 i suplementaci\u00f3 en   alteracions tiroidees<\/a><\/td><td>ONLINE<\/td><td>04-02-20<\/td><td>2 setmanes<\/td><td>150 \u20ac<\/td><\/tr><tr><td><a href=\"http:\/\/ismet.es\/emonutricion-emociones-y-alimentacion\/\" target=\"_blank\" rel=\"noreferrer noopener\" aria-label=\"Emonutrici\u00f3, emocions i   alimentaci\u00f3 (s'obre en una nova pestanya)\">Emonutrici\u00f3, emocions i   alimentaci\u00f3<\/a><\/td><td>ONLINE<\/td><td>04-02-20<\/td><td>1 mes<\/td><td>169 \u20ac<\/td><\/tr><tr><td><a href=\"http:\/\/ismet.es\/online_nutricion-deportiva\/\" target=\"_blank\" rel=\"noreferrer noopener\" aria-label=\"Nutrici\u00f3 esportiva (s'obre en una nova pestanya)\">Nutrici\u00f3 esportiva<\/a><\/td><td>ONLINE<\/td><td>04-02-20<\/td><td>3 setmanes<\/td><td>122 \u20ac<\/td><\/tr><tr><td><a href=\"http:\/\/ismet.es\/productos-para-dermatosis\/\" target=\"_blank\" rel=\"noreferrer noopener\" aria-label=\"Taller de dermocosm\u00e8tica   natural: dermatosi (s'obre en una nova pestanya)\">Taller de dermocosm\u00e8tica   natural: dermatosi<\/a><\/td><td>PRESENCIAL<\/td><td>05-02-20<\/td><td>3 hores<\/td><td>45 \u20ac<\/td><\/tr><tr><td><a href=\"http:\/\/ismet.es\/naturopatia-funcional-oligoelementos-sales-schussler-organoterapia\/\" target=\"_blank\" rel=\"noreferrer noopener\" aria-label=\"Biosals, Oligoelements i   Organoter\u00e0pia (s'obre en una nova pestanya)\">Biosals, Oligoelements i   Organoter\u00e0pia<\/a><\/td><td>PRESENCIAL<br>\n    <\/td><td>06-02-20<\/td><td>5 mesos<\/td><td>620 \u20ac<\/td><\/tr><tr><td><a href=\"http:\/\/ismet.es\/champus-y-acondicionadores\/\" target=\"_blank\" rel=\"noreferrer noopener\" aria-label=\"Taller de cosm\u00e8tica natural,   productes per al cabell: locions i acondicionadors (s'obre en una nova pestanya)\">Taller de cosm\u00e8tica natural,   productes per al cabell: locions i acondicionadors<\/a><\/td><td>PRESENCIAL<\/td><td>19-02-20<\/td><td>3 hores<\/td><td>45 \u20ac<\/td><\/tr><tr><td><a href=\"http:\/\/ismet.es\/flores-de-bach\/\" target=\"_blank\" rel=\"noreferrer noopener\" aria-label=\"Flors de Bach (s'obre en una nova pestanya)\">Flors de Bach<\/a><\/td><td>PRESENCIAL<br>\n    <\/td><td>22-02-20<\/td><td>5 mesos<\/td><td>700 \u20ac<\/td><\/tr><\/tbody><\/table><\/figure>\n<!-- \/wp:table -->","_et_gb_content_width":"","footnotes":""},"categories":[2066,10,11,12,13,14,15,116],"tags":[124,131,1127,1128,1813],"class_list":["post-16639","post","type-post","status-publish","format-standard","has-post-thumbnail","hentry","category-categoria-actualitat","category-empresarials","category-fefac","category-afb","category-afet","category-afell","category-agfe","category-formacio","tag-formacio","tag-terapies-naturals","tag-farmacia","tag-farmaceutic","tag-formacio-online"],"yoast_head":"<!-- This site is optimized with the Yoast SEO plugin v27.4 - https:\/\/yoast.com\/product\/yoast-seo-wordpress\/ -->\n<title>Nova programaci\u00f3 de cursos d&#039;ISMET (febrer 2020) - FEFAC<\/title>\n<meta name=\"description\" content=\"Gr\u00e0cies al recent acord entre la FEFAC i ISMET, els farmac\u00e8utics associats a l&#039;empresarial que estiguin interessats gaudiran d\u2019un descompte\" \/>\n<meta name=\"robots\" content=\"index, follow, max-snippet:-1, max-image-preview:large, max-video-preview:-1\" \/>\n<link rel=\"canonical\" href=\"https:\/\/fefac.cat\/empresarial\/nova-programacio-de-cursos-ismet-febrer-2020\/\" \/>\n<meta property=\"og:locale\" content=\"ca_ES\" \/>\n<meta property=\"og:type\" content=\"article\" \/>\n<meta property=\"og:title\" content=\"Nova programaci\u00f3 de cursos d&#039;ISMET (febrer 2020) - FEFAC\" \/>\n<meta property=\"og:description\" content=\"Gr\u00e0cies al recent acord entre la FEFAC i ISMET, els farmac\u00e8utics associats a l&#039;empresarial que estiguin interessats gaudiran d\u2019un descompte\" \/>\n<meta property=\"og:url\" content=\"https:\/\/fefac.cat\/empresarial\/nova-programacio-de-cursos-ismet-febrer-2020\/\" \/>\n<meta property=\"og:site_name\" content=\"FEFAC\" \/>\n<meta property=\"article:published_time\" content=\"2020-01-29T16:26:14+00:00\" \/>\n<meta property=\"article:modified_time\" content=\"2020-01-30T10:11:54+00:00\" \/>\n<meta property=\"og:image\" content=\"https:\/\/fefac.cat\/empresarial\/wp-content\/uploads\/2020\/01\/logo_ismet_cat-petit.jpg\" \/>\n\t<meta property=\"og:image:width\" content=\"469\" \/>\n\t<meta property=\"og:image:height\" content=\"143\" \/>\n\t<meta property=\"og:image:type\" content=\"image\/jpeg\" \/>\n<meta name=\"author\" content=\"lclavijo@afb.cat\" \/>\n<meta name=\"twitter:card\" content=\"summary_large_image\" \/>\n<meta name=\"twitter:label1\" content=\"Escrit per\" \/>\n\t<meta name=\"twitter:data1\" content=\"lclavijo@afb.cat\" \/>\n\t<meta name=\"twitter:label2\" content=\"Temps estimat de lectura\" \/>\n\t<meta name=\"twitter:data2\" content=\"2 minuts\" \/>\n<script type=\"application\/ld+json\" class=\"yoast-schema-graph\">{\"@context\":\"https:\\\/\\\/schema.org\",\"@graph\":[{\"@type\":\"Article\",\"@id\":\"https:\\\/\\\/fefac.cat\\\/empresarial\\\/nova-programacio-de-cursos-ismet-febrer-2020\\\/#article\",\"isPartOf\":{\"@id\":\"https:\\\/\\\/fefac.cat\\\/empresarial\\\/nova-programacio-de-cursos-ismet-febrer-2020\\\/\"},\"author\":{\"name\":\"lclavijo@afb.cat\",\"@id\":\"https:\\\/\\\/fefac.cat\\\/empresarial\\\/#\\\/schema\\\/person\\\/6ac15c94fb359972b6bfa9c752486744\"},\"headline\":\"Nova programaci\u00f3 de cursos online i presencials d&#8217;ISMET (febrer 2020)\",\"datePublished\":\"2020-01-29T16:26:14+00:00\",\"dateModified\":\"2020-01-30T10:11:54+00:00\",\"mainEntityOfPage\":{\"@id\":\"https:\\\/\\\/fefac.cat\\\/empresarial\\\/nova-programacio-de-cursos-ismet-febrer-2020\\\/\"},\"wordCount\":505,\"image\":{\"@id\":\"https:\\\/\\\/fefac.cat\\\/empresarial\\\/nova-programacio-de-cursos-ismet-febrer-2020\\\/#primaryimage\"},\"thumbnailUrl\":\"https:\\\/\\\/fefac.cat\\\/empresarial\\\/wp-content\\\/uploads\\\/2020\\\/01\\\/logo_ismet_cat-petit.jpg\",\"keywords\":[\"formaci\u00f3\",\"ter\u00e0pies naturals\",\"farm\u00e0cia\",\"farmac\u00e8utic\",\"formaci\u00f3 online\"],\"articleSection\":[\"Actualitat\",\"Empresarials\",\"FEFAC\",\"AFB\",\"AFET\",\"AFELL\",\"AGFE\",\"Formaci\u00f3\"],\"inLanguage\":\"ca\"},{\"@type\":\"WebPage\",\"@id\":\"https:\\\/\\\/fefac.cat\\\/empresarial\\\/nova-programacio-de-cursos-ismet-febrer-2020\\\/\",\"url\":\"https:\\\/\\\/fefac.cat\\\/empresarial\\\/nova-programacio-de-cursos-ismet-febrer-2020\\\/\",\"name\":\"Nova programaci\u00f3 de cursos d'ISMET (febrer 2020) - FEFAC\",\"isPartOf\":{\"@id\":\"https:\\\/\\\/fefac.cat\\\/empresarial\\\/#website\"},\"primaryImageOfPage\":{\"@id\":\"https:\\\/\\\/fefac.cat\\\/empresarial\\\/nova-programacio-de-cursos-ismet-febrer-2020\\\/#primaryimage\"},\"image\":{\"@id\":\"https:\\\/\\\/fefac.cat\\\/empresarial\\\/nova-programacio-de-cursos-ismet-febrer-2020\\\/#primaryimage\"},\"thumbnailUrl\":\"https:\\\/\\\/fefac.cat\\\/empresarial\\\/wp-content\\\/uploads\\\/2020\\\/01\\\/logo_ismet_cat-petit.jpg\",\"datePublished\":\"2020-01-29T16:26:14+00:00\",\"dateModified\":\"2020-01-30T10:11:54+00:00\",\"author\":{\"@id\":\"https:\\\/\\\/fefac.cat\\\/empresarial\\\/#\\\/schema\\\/person\\\/6ac15c94fb359972b6bfa9c752486744\"},\"description\":\"Gr\u00e0cies al recent acord entre la FEFAC i ISMET, els farmac\u00e8utics associats a l'empresarial que estiguin interessats gaudiran d\u2019un descompte\",\"breadcrumb\":{\"@id\":\"https:\\\/\\\/fefac.cat\\\/empresarial\\\/nova-programacio-de-cursos-ismet-febrer-2020\\\/#breadcrumb\"},\"inLanguage\":\"ca\",\"potentialAction\":[{\"@type\":\"ReadAction\",\"target\":[\"https:\\\/\\\/fefac.cat\\\/empresarial\\\/nova-programacio-de-cursos-ismet-febrer-2020\\\/\"]}]},{\"@type\":\"ImageObject\",\"inLanguage\":\"ca\",\"@id\":\"https:\\\/\\\/fefac.cat\\\/empresarial\\\/nova-programacio-de-cursos-ismet-febrer-2020\\\/#primaryimage\",\"url\":\"https:\\\/\\\/fefac.cat\\\/empresarial\\\/wp-content\\\/uploads\\\/2020\\\/01\\\/logo_ismet_cat-petit.jpg\",\"contentUrl\":\"https:\\\/\\\/fefac.cat\\\/empresarial\\\/wp-content\\\/uploads\\\/2020\\\/01\\\/logo_ismet_cat-petit.jpg\",\"width\":469,\"height\":143},{\"@type\":\"BreadcrumbList\",\"@id\":\"https:\\\/\\\/fefac.cat\\\/empresarial\\\/nova-programacio-de-cursos-ismet-febrer-2020\\\/#breadcrumb\",\"itemListElement\":[{\"@type\":\"ListItem\",\"position\":1,\"name\":\"Home\",\"item\":\"https:\\\/\\\/fefac.cat\\\/empresarial\\\/\"},{\"@type\":\"ListItem\",\"position\":2,\"name\":\"Nova programaci\u00f3 de cursos online i presencials d&#8217;ISMET (febrer 2020)\"}]},{\"@type\":\"WebSite\",\"@id\":\"https:\\\/\\\/fefac.cat\\\/empresarial\\\/#website\",\"url\":\"https:\\\/\\\/fefac.cat\\\/empresarial\\\/\",\"name\":\"FEFAC\",\"description\":\"Federaci\u00f3 d&#039;Associacions de Farm\u00e0cies de Catalunya\",\"potentialAction\":[{\"@type\":\"SearchAction\",\"target\":{\"@type\":\"EntryPoint\",\"urlTemplate\":\"https:\\\/\\\/fefac.cat\\\/empresarial\\\/?s={search_term_string}\"},\"query-input\":{\"@type\":\"PropertyValueSpecification\",\"valueRequired\":true,\"valueName\":\"search_term_string\"}}],\"inLanguage\":\"ca\"},{\"@type\":\"Person\",\"@id\":\"https:\\\/\\\/fefac.cat\\\/empresarial\\\/#\\\/schema\\\/person\\\/6ac15c94fb359972b6bfa9c752486744\",\"name\":\"lclavijo@afb.cat\",\"url\":\"https:\\\/\\\/fefac.cat\\\/empresarial\\\/author\\\/laura-2\\\/\"}]}<\/script>\n<!-- \/ Yoast SEO plugin. -->","yoast_head_json":{"title":"Nova programaci\u00f3 de cursos d'ISMET (febrer 2020) - FEFAC","description":"Gr\u00e0cies al recent acord entre la FEFAC i ISMET, els farmac\u00e8utics associats a l'empresarial que estiguin interessats gaudiran d\u2019un descompte","robots":{"index":"index","follow":"follow","max-snippet":"max-snippet:-1","max-image-preview":"max-image-preview:large","max-video-preview":"max-video-preview:-1"},"canonical":"https:\/\/fefac.cat\/empresarial\/nova-programacio-de-cursos-ismet-febrer-2020\/","og_locale":"ca_ES","og_type":"article","og_title":"Nova programaci\u00f3 de cursos d'ISMET (febrer 2020) - FEFAC","og_description":"Gr\u00e0cies al recent acord entre la FEFAC i ISMET, els farmac\u00e8utics associats a l'empresarial que estiguin interessats gaudiran d\u2019un descompte","og_url":"https:\/\/fefac.cat\/empresarial\/nova-programacio-de-cursos-ismet-febrer-2020\/","og_site_name":"FEFAC","article_published_time":"2020-01-29T16:26:14+00:00","article_modified_time":"2020-01-30T10:11:54+00:00","og_image":[{"width":469,"height":143,"url":"https:\/\/fefac.cat\/empresarial\/wp-content\/uploads\/2020\/01\/logo_ismet_cat-petit.jpg","type":"image\/jpeg"}],"author":"lclavijo@afb.cat","twitter_card":"summary_large_image","twitter_misc":{"Escrit per":"lclavijo@afb.cat","Temps estimat de lectura":"2 minuts"},"schema":{"@context":"https:\/\/schema.org","@graph":[{"@type":"Article","@id":"https:\/\/fefac.cat\/empresarial\/nova-programacio-de-cursos-ismet-febrer-2020\/#article","isPartOf":{"@id":"https:\/\/fefac.cat\/empresarial\/nova-programacio-de-cursos-ismet-febrer-2020\/"},"author":{"name":"lclavijo@afb.cat","@id":"https:\/\/fefac.cat\/empresarial\/#\/schema\/person\/6ac15c94fb359972b6bfa9c752486744"},"headline":"Nova programaci\u00f3 de cursos online i presencials d&#8217;ISMET (febrer 2020)","datePublished":"2020-01-29T16:26:14+00:00","dateModified":"2020-01-30T10:11:54+00:00","mainEntityOfPage":{"@id":"https:\/\/fefac.cat\/empresarial\/nova-programacio-de-cursos-ismet-febrer-2020\/"},"wordCount":505,"image":{"@id":"https:\/\/fefac.cat\/empresarial\/nova-programacio-de-cursos-ismet-febrer-2020\/#primaryimage"},"thumbnailUrl":"https:\/\/fefac.cat\/empresarial\/wp-content\/uploads\/2020\/01\/logo_ismet_cat-petit.jpg","keywords":["formaci\u00f3","ter\u00e0pies naturals","farm\u00e0cia","farmac\u00e8utic","formaci\u00f3 online"],"articleSection":["Actualitat","Empresarials","FEFAC","AFB","AFET","AFELL","AGFE","Formaci\u00f3"],"inLanguage":"ca"},{"@type":"WebPage","@id":"https:\/\/fefac.cat\/empresarial\/nova-programacio-de-cursos-ismet-febrer-2020\/","url":"https:\/\/fefac.cat\/empresarial\/nova-programacio-de-cursos-ismet-febrer-2020\/","name":"Nova programaci\u00f3 de cursos d'ISMET (febrer 2020) - FEFAC","isPartOf":{"@id":"https:\/\/fefac.cat\/empresarial\/#website"},"primaryImageOfPage":{"@id":"https:\/\/fefac.cat\/empresarial\/nova-programacio-de-cursos-ismet-febrer-2020\/#primaryimage"},"image":{"@id":"https:\/\/fefac.cat\/empresarial\/nova-programacio-de-cursos-ismet-febrer-2020\/#primaryimage"},"thumbnailUrl":"https:\/\/fefac.cat\/empresarial\/wp-content\/uploads\/2020\/01\/logo_ismet_cat-petit.jpg","datePublished":"2020-01-29T16:26:14+00:00","dateModified":"2020-01-30T10:11:54+00:00","author":{"@id":"https:\/\/fefac.cat\/empresarial\/#\/schema\/person\/6ac15c94fb359972b6bfa9c752486744"},"description":"Gr\u00e0cies al recent acord entre la FEFAC i ISMET, els farmac\u00e8utics associats a l'empresarial que estiguin interessats gaudiran d\u2019un descompte","breadcrumb":{"@id":"https:\/\/fefac.cat\/empresarial\/nova-programacio-de-cursos-ismet-febrer-2020\/#breadcrumb"},"inLanguage":"ca","potentialAction":[{"@type":"ReadAction","target":["https:\/\/fefac.cat\/empresarial\/nova-programacio-de-cursos-ismet-febrer-2020\/"]}]},{"@type":"ImageObject","inLanguage":"ca","@id":"https:\/\/fefac.cat\/empresarial\/nova-programacio-de-cursos-ismet-febrer-2020\/#primaryimage","url":"https:\/\/fefac.cat\/empresarial\/wp-content\/uploads\/2020\/01\/logo_ismet_cat-petit.jpg","contentUrl":"https:\/\/fefac.cat\/empresarial\/wp-content\/uploads\/2020\/01\/logo_ismet_cat-petit.jpg","width":469,"height":143},{"@type":"BreadcrumbList","@id":"https:\/\/fefac.cat\/empresarial\/nova-programacio-de-cursos-ismet-febrer-2020\/#breadcrumb","itemListElement":[{"@type":"ListItem","position":1,"name":"Home","item":"https:\/\/fefac.cat\/empresarial\/"},{"@type":"ListItem","position":2,"name":"Nova programaci\u00f3 de cursos online i presencials d&#8217;ISMET (febrer 2020)"}]},{"@type":"WebSite","@id":"https:\/\/fefac.cat\/empresarial\/#website","url":"https:\/\/fefac.cat\/empresarial\/","name":"FEFAC","description":"Federaci\u00f3 d&#039;Associacions de Farm\u00e0cies de Catalunya","potentialAction":[{"@type":"SearchAction","target":{"@type":"EntryPoint","urlTemplate":"https:\/\/fefac.cat\/empresarial\/?s={search_term_string}"},"query-input":{"@type":"PropertyValueSpecification","valueRequired":true,"valueName":"search_term_string"}}],"inLanguage":"ca"},{"@type":"Person","@id":"https:\/\/fefac.cat\/empresarial\/#\/schema\/person\/6ac15c94fb359972b6bfa9c752486744","name":"lclavijo@afb.cat","url":"https:\/\/fefac.cat\/empresarial\/author\/laura-2\/"}]}},"_links":{"self":[{"href":"https:\/\/fefac.cat\/empresarial\/wp-json\/wp\/v2\/posts\/16639","targetHints":{"allow":["GET"]}}],"collection":[{"href":"https:\/\/fefac.cat\/empresarial\/wp-json\/wp\/v2\/posts"}],"about":[{"href":"https:\/\/fefac.cat\/empresarial\/wp-json\/wp\/v2\/types\/post"}],"author":[{"embeddable":true,"href":"https:\/\/fefac.cat\/empresarial\/wp-json\/wp\/v2\/users\/2313"}],"replies":[{"embeddable":true,"href":"https:\/\/fefac.cat\/empresarial\/wp-json\/wp\/v2\/comments?post=16639"}],"version-history":[{"count":0,"href":"https:\/\/fefac.cat\/empresarial\/wp-json\/wp\/v2\/posts\/16639\/revisions"}],"wp:featuredmedia":[{"embeddable":true,"href":"https:\/\/fefac.cat\/empresarial\/wp-json\/wp\/v2\/media\/16680"}],"wp:attachment":[{"href":"https:\/\/fefac.cat\/empresarial\/wp-json\/wp\/v2\/media?parent=16639"}],"wp:term":[{"taxonomy":"category","embeddable":true,"href":"https:\/\/fefac.cat\/empresarial\/wp-json\/wp\/v2\/categories?post=16639"},{"taxonomy":"post_tag","embeddable":true,"href":"https:\/\/fefac.cat\/empresarial\/wp-json\/wp\/v2\/tags?post=16639"}],"curies":[{"name":"wp","href":"https:\/\/api.w.org\/{rel}","templated":true}]}}