{"id":17283,"date":"2020-07-07T08:43:00","date_gmt":"2020-07-07T06:43:00","guid":{"rendered":"https:\/\/fefac.cat\/empresarial\/?p=17283"},"modified":"2020-07-07T08:57:52","modified_gmt":"2020-07-07T06:57:52","slug":"aportacio-fongs-medicinals-salut-humana","status":"publish","type":"post","link":"https:\/\/fefac.cat\/empresarial\/aportacio-fongs-medicinals-salut-humana\/","title":{"rendered":"Aportaci\u00f3 dels fongs medicinals a la salut humana"},"content":{"rendered":"\n<p>La micoter\u00e0pia es defineix com l\u00b4\u00fas de preparats de fongs (b\u00e9 siguin deshidratats en pols, extractes o purificacions) amb finalitat terap\u00e8utica. <\/p>\n\n\n\n<p>L&#8217;\u00fas de fongs com remeis curatius era conegut des de l&#8217;antiguitat a Occident (Home de \u00d6tzi, fa 5.300 anys), si b\u00e9 va ser a Orient on la micoter\u00e0pia va tenir un gran i documentat desenvolupament.<\/p>\n\n\n\n<p>Els fongs contenen m\u00e9s de 150 compostos bioactius: fenols, esterols, terpenoides, \u03b2-glucans, complexes polisac\u00e0rid-prote\u00efna, prote\u00efnes, fibra, vitamines del grup B, amino\u00e0cids essencials, seleni, zinc&#8230; que els hi confereixen diverses accions terap\u00e8utiques.<\/p>\n\n\n\n<p>A continuaci\u00f3 detallarem algunes de les esp\u00e8cies m\u00e9s conegudes\na Occident amb les seves caracter\u00edstiques m\u00e9s rellevants:<\/p>\n\n\n\n<h3 class=\"wp-block-heading\"><strong>Reishi <\/strong>(<em>Ganoderma lucidum<\/em>): \u201cEl fong de la immortalitat\u201d<\/h3>\n\n\n\n<ul class=\"wp-block-list\"><li><strong><span style=\"text-decoration: underline\">Immunomodulador i coadyuvant en processos oncol\u00f2gics:<\/span> <\/strong>redueix els efectes secundaris associats als tractaments de quimioter\u00e0pia i radioter\u00e0pia.( Jin X et al., 2012) <\/li><li><span style=\"text-decoration: underline\"><strong>Antiinflamatori<\/strong><\/span>: acci\u00f3 antiinflamat\u00f2ria comparable a la hidrocortisona sense efectes secundaris. (Ko HH. et al.,2008)<\/li><li><strong><span style=\"text-decoration: underline\">Acci\u00f3 hipn\u00f2tica i sedant<\/span>: <\/strong>efecte calmant sobre el sistema nervi\u00f3s (Kenneth J et al., 1992)<\/li><\/ul>\n\n\n\n<h3 class=\"wp-block-heading\"><strong>Xiitake <\/strong>(<em>Lentinula edodes<\/em>)<\/h3>\n\n\n\n<ul class=\"wp-block-list\"><li><strong><span style=\"text-decoration: underline\">Immunomodulador <\/span><\/strong>(Del Buono A et al., 2016): efecte immunomodulador en la poblaci\u00f3 limfocit\u00e0ria.<\/li><li><strong><span style=\"text-decoration: underline\">Hipolipemiant<\/span><\/strong>: \u00e9s un dels fongs amb una gran activitat en la prevenci\u00f3 de dip\u00f2sits de colesterol en les parets vasculars i per tant en la formaci\u00f3 de la placa d\u00b4ateroma (Fukushima M. et al., 2001).<\/li><li><span style=\"text-decoration: underline\"><strong>Antimicrobi\u00e0<\/strong><\/span>: prevenci\u00f3 en la formaci\u00f3 de la placa dental i la conseq\u00fcent c\u00e0ries (Shouji N et al., 2000)<\/li><\/ul>\n\n\n\n<h3 class=\"wp-block-heading\"><strong>Greixa d&#8217;agulles, popularment conegut com \u201cMelena de le\u00f3n\u201d <\/strong>(<em>Hericium erinaceu<\/em>s)<\/h3>\n\n\n\n<ul class=\"wp-block-list\"><li><strong><span style=\"text-decoration: underline\">Acci\u00f3 sobre el sistema nervi\u00f3s:<\/span><\/strong> estimulaci\u00f3 de la renovaci\u00f3 tant de les neurones com de la capa de mielina protectora. Potencia el NGF (factor de creixement nervi\u00f3s) demostrant que en pacients amb dem\u00e8ncia milloren notablement la seva independ\u00e8ncia funcional (Kawagishi H. et al., 2008)<\/li><li><span style=\"text-decoration: underline\"><strong>Acci\u00f3 sobre l\u00b4aparell digestiu:<\/strong><\/span> Regeneradora de l\u00b4epiteli de les mucoses gastrointestinals. Apropiat per combatre desordres intestinals com: cremor d\u2019estomac, gastritis, ulcera g\u00e0strica i duodenal, disbiosi, inflamaci\u00f3 cr\u00f2nica de la mucosa g\u00e0strica ( Wang XY et al., 2018)<\/li><\/ul>\n\n\n\n<h3 class=\"wp-block-heading\"><strong>Bolet de soca zonat, popularment conegut com \u201cCola de pavo\u201d <\/strong>(<em>Coriolus versicolor <\/em>) <\/h3>\n\n\n\n<ul class=\"wp-block-list\"><li><strong><span style=\"text-decoration: underline\">Antiviral<\/span><\/strong>: en virus associats a alguns tipus de c\u00e0ncers com el virus de l\u00b4herpes-8 (HHV-8), virus de Epstein- Barr (EBV), papil\u00b7loma virus (HPV) o el virus de la hepatitis B (VHB)<\/li><li><strong><span style=\"text-decoration: underline\">Coadyuvant en tractaments oncol\u00f2gic<\/span><\/strong>s: degut a la seva capacitat antiproliferativa, antimetast\u00e0sica<strong>, <\/strong>antiangiog\u00e9nica i proapopt\u00f3tica. (Brown DC et al 2012; Hirahara N et al 2013; Wong L.Y., et al 2012).<br><\/li><\/ul>\n\n\n\n<h3 class=\"wp-block-heading\"><strong>Maitake <\/strong>(<em>Grifola frondosa)<\/em><em><\/em><\/h3>\n\n\n\n<ul class=\"wp-block-list\"><li><span style=\"text-decoration: underline\"><strong>Acci\u00f3 sobre el S\u00edndrome metab\u00f2lic<\/strong><\/span>: Hiperlipid\u00e8mia+ hipergluc\u00e8mia+ hipertensi\u00f3+ obesitat+ resist\u00e8ncia a la insulina (Zhuang C. et al)<\/li><li><strong><span style=\"text-decoration: underline\">Antitumoral<\/span><\/strong>: potent acci\u00f3 anti-metast\u00e0sica i efecte inhibidor del creixement tumoral (Kodama N et al., 2010)<\/li><\/ul>\n\n\n\n<p>Cal destacar el perfil de seguretat de la\nmicoter\u00e0pia, ja que els extractes de fongs no interaccionen amb els citocroms\nhep\u00e0tics empleats generalment per al metabolisme d&#8217;altres subst\u00e0ncies\nfarmacol\u00f2giques. Referent a aix\u00f2 la Fundaci\u00f3 Medina, centre d\u2019excel\u00b7l\u00e8ncia en\ninvestigaci\u00f3 de medicaments innovadors, va realitzar un assaig amb els\nprincipals extractes d&#8217;una empresa espanyola, reconeguda com un referent en la\nfabricaci\u00f3 de productes de micoter\u00e0pia, on es conclou que aquests extractes no\ninteraccionen amb el citocrom P450 o altres citocroms hep\u00e0tics (CYP3A4, CYP2C6\ni CYP2C9), principals implicats en la metabolitzaci\u00f3 de f\u00e0rmacs de s\u00edntesi.<\/p>\n\n\n\n<p><strong><em>Victoria\nGarcia Framis<\/em><\/strong><\/p>\n\n\n\n<ul class=\"wp-block-list\"><li>Llicenciada i Doctorada en Ci\u00e8ncies Biol\u00f2giques (UAB). Postgrau en Diet\u00e8tica i Nutrici\u00f3 (URL). T\u00e8cnic Superior en Diet\u00e8tica, Nutrici\u00f3 i Naturopatia (IFPS. Roger de Ll\u00faria)<\/li><li>Dietista integrativa a Nexesalut <\/li><li>Professora a ISMET<\/li><\/ul>\n\n\n\n<div class=\"wp-block-media-text alignwide\"><figure class=\"wp-block-media-text__media\"><img decoding=\"async\" width=\"1024\" height=\"731\" data-src=\"https:\/\/fefac.cat\/empresarial\/wp-content\/uploads\/2020\/01\/logo-ismet-1024x731.jpg\" alt=\"\" class=\"wp-image-16642 lazyload\" data-srcset=\"https:\/\/fefac.cat\/empresarial\/wp-content\/uploads\/2020\/01\/logo-ismet-980x700.jpg 980w, https:\/\/fefac.cat\/empresarial\/wp-content\/uploads\/2020\/01\/logo-ismet-480x343.jpg 480w\" data-sizes=\"(min-width: 0px) and (max-width: 480px) 480px, (min-width: 481px) and (max-width: 980px) 980px, (min-width: 981px) 1024px, 100vw\" src=\"data:image\/svg+xml;base64,PHN2ZyB3aWR0aD0iMSIgaGVpZ2h0PSIxIiB4bWxucz0iaHR0cDovL3d3dy53My5vcmcvMjAwMC9zdmciPjwvc3ZnPg==\" style=\"--smush-placeholder-width: 1024px; --smush-placeholder-aspect-ratio: 1024\/731;\" \/><\/figure><div class=\"wp-block-media-text__content\">\n<h4 class=\"wp-block-heading\">Cursos que imparteix Victoria Garcia a ISMET:<\/h4>\n\n\n\n<ul class=\"wp-block-list\"><li><a href=\"https:\/\/ismet.es\/_equilibrio-intestinal-conexion-cerebro\/\" target=\"_blank\" rel=\"noreferrer noopener\" aria-label=\"Equilibri intestinal i la seva connexi\u00f3 amb el cervell (s'obre en una nova pestanya)\">Equilibri intestinal i la seva connexi\u00f3 amb el cervell<\/a><\/li><li><a href=\"https:\/\/ismet.es\/micoterapia\/\" target=\"_blank\" rel=\"noreferrer noopener\" aria-label=\"Introducci\u00f3 a la Micoter\u00e0pia (s'obre en una nova pestanya)\">Introducci\u00f3 a la Micoter\u00e0pia<\/a><\/li><\/ul>\n\n\n\n<p>Consulta l\u2019oferta dels cursos d\u2019<a rel=\"noreferrer noopener\" href=\"http:\/\/ismet.es\/\" target=\"_blank\">I<strong>SMET\u00a0<\/strong><\/a>del mes de juliol i gaudeix del descompte per a socis de la FEFAC (-<em>10%)<\/em> <\/p>\n<\/div><\/div>\n","protected":false},"excerpt":{"rendered":"<p>Victoria Garcia Framis, professora d&#8217;Ismet, ens parla en aquest article de l&#8217;aportaci\u00f3 de fongs medicinals a la salut humana. Consulta l&#8217;oferta de cursos d&#8217;ISMET i gaudeix de descomptes per ser soci de la FEFAC.<\/p>\n","protected":false},"author":2313,"featured_media":17292,"comment_status":"open","ping_status":"open","sticky":false,"template":"","format":"standard","meta":{"_et_pb_use_builder":"off","_et_pb_old_content":"FEFAC i la plataforma d'ofertes d'ocupaci\u00f3 InfoJobs tenen signat un conveni amb l'objectiu de facilitar a les oficines de farm\u00e0cia la recerca del personal que necessiten per configurar els seus equips.\n\nA trav\u00e9s d'aquest acord, els farmac\u00e8utics associats a alguna de les empresarials que formen la FEFAC (AFB, de Barcelona; AGFE, Girona; AFET, Tarragona, i AFELL, Lleida) poden utilitzar el servei que ofereix InfoJobs per trobar candidats amb tarifes especials, que trobareu en el seg\u00fcent enlla\u00e7: <a href=\"http:\/\/fefac.cat\/empresarial\/wp-content\/uploads\/2019\/02\/catalogo-infojobs.pdf\"><strong>Acord FEFAC-Infojobs<\/strong><\/a>\n\nA m\u00e9s, s'amplia a tots els associats el servei de Borsa de Treball que fins ara nom\u00e9s oferia l\u2019AFB, en la l\u00ednia de potenciar els serveis als titulars. D'aquesta manera, des de l'1 de mar\u00e7, les farm\u00e0cies de la resta d'associacions tamb\u00e9 poden utilitzar el servei (posant-se en contacte amb FEFAC, a trav\u00e9s del tel\u00e8fon 93 323 24 22 o via email <a href=\"mailto:fefac@fefac.cat\">fefac@fefac.cat<\/a>).\n\nEl servei \u00e9s molt ben valorat pels titulars de farm\u00e0cia, doncs ha demostrat la seva efici\u00e8ncia. Aix\u00ed ho revelen les dades d'activitat de la Borsa de Treball d\u2019AFB. A&nbsp;trav\u00e9s de la col\u00b7laboraci\u00f3 amb Infojobs, durant el 2018 s\u2019han enviat 1.709 e-mails entre sol\u00b7licituds de farmac\u00e8utics i auxiliars. Hi ha farm\u00e0cies a les quals s\u2019ha enviat m\u00e9s d\u2019un e-mail. Tenint en compte que no totes les farm\u00e0cies comuniquen quan contracten alg\u00fa, es pot confirmar que hi ha hagut un 66% de farm\u00e0cies que han trobat personal a trav\u00e9s de la nostra borsa de treball.\n\n<img style=\"width: 400px; height: 333px;\" src=\"http:\/\/www.fefac.cat\/intranet\/noticies\/_userfiles\/images\/Firma%20convenio_InfoJobs%20y%20Fefac%20per%20a%20web.jpg\" alt=\"\">\n\n<em><small>Antoni&nbsp;Torres, president&nbsp;de FEFAC, i&nbsp;Dominique Cerri, directora general d'InfoJobs<\/small><\/em>\n<div style=\"background: #eee; border: 1px solid #ccc; padding: 5px 10px;\"><strong style=\"font-family: Verdana, Arial, Helvetica, sans-serif; font-size: 12px;\">No has rebut aquesta not\u00edcia per e-mail?&nbsp;<a href=\"https:\/\/fefac.us13.list-manage.com\/subscribe?u=1311ec6dc48b0ce978cd11b98&amp;id=e86c9f9c9d\" target=\"_blank\" rel=\"noopener\">Subscriu-te a la newsletter di\u00e0ria de FEFAC<\/a><\/strong><\/div>","_et_gb_content_width":"","footnotes":""},"categories":[2066,10,11,12,13,14,15,116],"tags":[124,131,817,933,1437,1456],"class_list":["post-17283","post","type-post","status-publish","format-standard","has-post-thumbnail","hentry","category-categoria-actualitat","category-empresarials","category-fefac","category-afb","category-afet","category-afell","category-agfe","category-formacio","tag-formacio","tag-terapies-naturals","tag-cursos","tag-plantes-medicinals","tag-plantes","tag-salut"],"yoast_head":"<!-- This site is optimized with the Yoast SEO plugin v27.5 - https:\/\/yoast.com\/product\/yoast-seo-wordpress\/ -->\n<title>Aportaci\u00f3 dels fongs medicinals a la salut humana<\/title>\n<meta name=\"description\" content=\"La micoter\u00e0pia es defineix com l\u00b4\u00fas de preparats de fongs (b\u00e9 siguin deshidratats en pols, extractes o purificacions) amb finalitat terap\u00e8utica.\" \/>\n<meta name=\"robots\" content=\"index, follow, max-snippet:-1, max-image-preview:large, max-video-preview:-1\" \/>\n<link rel=\"canonical\" href=\"https:\/\/fefac.cat\/empresarial\/aportacio-fongs-medicinals-salut-humana\/\" \/>\n<meta property=\"og:locale\" content=\"ca_ES\" \/>\n<meta property=\"og:type\" content=\"article\" \/>\n<meta property=\"og:title\" content=\"Aportaci\u00f3 dels fongs medicinals a la salut humana\" \/>\n<meta property=\"og:description\" content=\"La micoter\u00e0pia es defineix com l\u00b4\u00fas de preparats de fongs (b\u00e9 siguin deshidratats en pols, extractes o purificacions) amb finalitat terap\u00e8utica.\" \/>\n<meta property=\"og:url\" content=\"https:\/\/fefac.cat\/empresarial\/aportacio-fongs-medicinals-salut-humana\/\" \/>\n<meta property=\"og:site_name\" content=\"FEFAC\" \/>\n<meta property=\"article:published_time\" content=\"2020-07-07T06:43:00+00:00\" \/>\n<meta property=\"article:modified_time\" content=\"2020-07-07T06:57:52+00:00\" \/>\n<meta property=\"og:image\" content=\"https:\/\/fefac.cat\/empresarial\/wp-content\/uploads\/2020\/03\/Foto-cola-de-pavo-proposta-Victoria-Framis-1.jpg\" \/>\n\t<meta property=\"og:image:width\" content=\"1024\" \/>\n\t<meta property=\"og:image:height\" content=\"640\" \/>\n\t<meta property=\"og:image:type\" content=\"image\/jpeg\" \/>\n<meta name=\"author\" content=\"lclavijo@afb.cat\" \/>\n<meta name=\"twitter:card\" content=\"summary_large_image\" \/>\n<meta name=\"twitter:label1\" content=\"Escrit per\" \/>\n\t<meta name=\"twitter:data1\" content=\"lclavijo@afb.cat\" \/>\n\t<meta name=\"twitter:label2\" content=\"Temps estimat de lectura\" \/>\n\t<meta name=\"twitter:data2\" content=\"3 minuts\" \/>\n<script type=\"application\/ld+json\" class=\"yoast-schema-graph\">{\"@context\":\"https:\\\/\\\/schema.org\",\"@graph\":[{\"@type\":\"Article\",\"@id\":\"https:\\\/\\\/fefac.cat\\\/empresarial\\\/aportacio-fongs-medicinals-salut-humana\\\/#article\",\"isPartOf\":{\"@id\":\"https:\\\/\\\/fefac.cat\\\/empresarial\\\/aportacio-fongs-medicinals-salut-humana\\\/\"},\"author\":{\"name\":\"lclavijo@afb.cat\",\"@id\":\"https:\\\/\\\/fefac.cat\\\/empresarial\\\/#\\\/schema\\\/person\\\/6ac15c94fb359972b6bfa9c752486744\"},\"headline\":\"Aportaci\u00f3 dels fongs medicinals a la salut humana\",\"datePublished\":\"2020-07-07T06:43:00+00:00\",\"dateModified\":\"2020-07-07T06:57:52+00:00\",\"mainEntityOfPage\":{\"@id\":\"https:\\\/\\\/fefac.cat\\\/empresarial\\\/aportacio-fongs-medicinals-salut-humana\\\/\"},\"wordCount\":670,\"commentCount\":1,\"image\":{\"@id\":\"https:\\\/\\\/fefac.cat\\\/empresarial\\\/aportacio-fongs-medicinals-salut-humana\\\/#primaryimage\"},\"thumbnailUrl\":\"https:\\\/\\\/fefac.cat\\\/empresarial\\\/wp-content\\\/uploads\\\/2020\\\/03\\\/Foto-cola-de-pavo-proposta-Victoria-Framis-1.jpg\",\"keywords\":[\"formaci\u00f3\",\"ter\u00e0pies naturals\",\"cursos\",\"plantes medicinals\",\"plantes\",\"Salut\"],\"articleSection\":[\"Actualitat\",\"Empresarials\",\"FEFAC\",\"AFB\",\"AFET\",\"AFELL\",\"AGFE\",\"Formaci\u00f3\"],\"inLanguage\":\"ca\",\"potentialAction\":[{\"@type\":\"CommentAction\",\"name\":\"Comment\",\"target\":[\"https:\\\/\\\/fefac.cat\\\/empresarial\\\/aportacio-fongs-medicinals-salut-humana\\\/#respond\"]}]},{\"@type\":\"WebPage\",\"@id\":\"https:\\\/\\\/fefac.cat\\\/empresarial\\\/aportacio-fongs-medicinals-salut-humana\\\/\",\"url\":\"https:\\\/\\\/fefac.cat\\\/empresarial\\\/aportacio-fongs-medicinals-salut-humana\\\/\",\"name\":\"Aportaci\u00f3 dels fongs medicinals a la salut humana\",\"isPartOf\":{\"@id\":\"https:\\\/\\\/fefac.cat\\\/empresarial\\\/#website\"},\"primaryImageOfPage\":{\"@id\":\"https:\\\/\\\/fefac.cat\\\/empresarial\\\/aportacio-fongs-medicinals-salut-humana\\\/#primaryimage\"},\"image\":{\"@id\":\"https:\\\/\\\/fefac.cat\\\/empresarial\\\/aportacio-fongs-medicinals-salut-humana\\\/#primaryimage\"},\"thumbnailUrl\":\"https:\\\/\\\/fefac.cat\\\/empresarial\\\/wp-content\\\/uploads\\\/2020\\\/03\\\/Foto-cola-de-pavo-proposta-Victoria-Framis-1.jpg\",\"datePublished\":\"2020-07-07T06:43:00+00:00\",\"dateModified\":\"2020-07-07T06:57:52+00:00\",\"author\":{\"@id\":\"https:\\\/\\\/fefac.cat\\\/empresarial\\\/#\\\/schema\\\/person\\\/6ac15c94fb359972b6bfa9c752486744\"},\"description\":\"La micoter\u00e0pia es defineix com l\u00b4\u00fas de preparats de fongs (b\u00e9 siguin deshidratats en pols, extractes o purificacions) amb finalitat terap\u00e8utica.\",\"breadcrumb\":{\"@id\":\"https:\\\/\\\/fefac.cat\\\/empresarial\\\/aportacio-fongs-medicinals-salut-humana\\\/#breadcrumb\"},\"inLanguage\":\"ca\",\"potentialAction\":[{\"@type\":\"ReadAction\",\"target\":[\"https:\\\/\\\/fefac.cat\\\/empresarial\\\/aportacio-fongs-medicinals-salut-humana\\\/\"]}]},{\"@type\":\"ImageObject\",\"inLanguage\":\"ca\",\"@id\":\"https:\\\/\\\/fefac.cat\\\/empresarial\\\/aportacio-fongs-medicinals-salut-humana\\\/#primaryimage\",\"url\":\"https:\\\/\\\/fefac.cat\\\/empresarial\\\/wp-content\\\/uploads\\\/2020\\\/03\\\/Foto-cola-de-pavo-proposta-Victoria-Framis-1.jpg\",\"contentUrl\":\"https:\\\/\\\/fefac.cat\\\/empresarial\\\/wp-content\\\/uploads\\\/2020\\\/03\\\/Foto-cola-de-pavo-proposta-Victoria-Framis-1.jpg\",\"width\":1024,\"height\":640},{\"@type\":\"BreadcrumbList\",\"@id\":\"https:\\\/\\\/fefac.cat\\\/empresarial\\\/aportacio-fongs-medicinals-salut-humana\\\/#breadcrumb\",\"itemListElement\":[{\"@type\":\"ListItem\",\"position\":1,\"name\":\"Home\",\"item\":\"https:\\\/\\\/fefac.cat\\\/empresarial\\\/\"},{\"@type\":\"ListItem\",\"position\":2,\"name\":\"Aportaci\u00f3 dels fongs medicinals a la salut humana\"}]},{\"@type\":\"WebSite\",\"@id\":\"https:\\\/\\\/fefac.cat\\\/empresarial\\\/#website\",\"url\":\"https:\\\/\\\/fefac.cat\\\/empresarial\\\/\",\"name\":\"FEFAC\",\"description\":\"Federaci\u00f3 d&#039;Associacions de Farm\u00e0cies de Catalunya\",\"potentialAction\":[{\"@type\":\"SearchAction\",\"target\":{\"@type\":\"EntryPoint\",\"urlTemplate\":\"https:\\\/\\\/fefac.cat\\\/empresarial\\\/?s={search_term_string}\"},\"query-input\":{\"@type\":\"PropertyValueSpecification\",\"valueRequired\":true,\"valueName\":\"search_term_string\"}}],\"inLanguage\":\"ca\"},{\"@type\":\"Person\",\"@id\":\"https:\\\/\\\/fefac.cat\\\/empresarial\\\/#\\\/schema\\\/person\\\/6ac15c94fb359972b6bfa9c752486744\",\"name\":\"lclavijo@afb.cat\",\"url\":\"https:\\\/\\\/fefac.cat\\\/empresarial\\\/author\\\/laura-2\\\/\"}]}<\/script>\n<!-- \/ Yoast SEO plugin. -->","yoast_head_json":{"title":"Aportaci\u00f3 dels fongs medicinals a la salut humana","description":"La micoter\u00e0pia es defineix com l\u00b4\u00fas de preparats de fongs (b\u00e9 siguin deshidratats en pols, extractes o purificacions) amb finalitat terap\u00e8utica.","robots":{"index":"index","follow":"follow","max-snippet":"max-snippet:-1","max-image-preview":"max-image-preview:large","max-video-preview":"max-video-preview:-1"},"canonical":"https:\/\/fefac.cat\/empresarial\/aportacio-fongs-medicinals-salut-humana\/","og_locale":"ca_ES","og_type":"article","og_title":"Aportaci\u00f3 dels fongs medicinals a la salut humana","og_description":"La micoter\u00e0pia es defineix com l\u00b4\u00fas de preparats de fongs (b\u00e9 siguin deshidratats en pols, extractes o purificacions) amb finalitat terap\u00e8utica.","og_url":"https:\/\/fefac.cat\/empresarial\/aportacio-fongs-medicinals-salut-humana\/","og_site_name":"FEFAC","article_published_time":"2020-07-07T06:43:00+00:00","article_modified_time":"2020-07-07T06:57:52+00:00","og_image":[{"width":1024,"height":640,"url":"https:\/\/fefac.cat\/empresarial\/wp-content\/uploads\/2020\/03\/Foto-cola-de-pavo-proposta-Victoria-Framis-1.jpg","type":"image\/jpeg"}],"author":"lclavijo@afb.cat","twitter_card":"summary_large_image","twitter_misc":{"Escrit per":"lclavijo@afb.cat","Temps estimat de lectura":"3 minuts"},"schema":{"@context":"https:\/\/schema.org","@graph":[{"@type":"Article","@id":"https:\/\/fefac.cat\/empresarial\/aportacio-fongs-medicinals-salut-humana\/#article","isPartOf":{"@id":"https:\/\/fefac.cat\/empresarial\/aportacio-fongs-medicinals-salut-humana\/"},"author":{"name":"lclavijo@afb.cat","@id":"https:\/\/fefac.cat\/empresarial\/#\/schema\/person\/6ac15c94fb359972b6bfa9c752486744"},"headline":"Aportaci\u00f3 dels fongs medicinals a la salut humana","datePublished":"2020-07-07T06:43:00+00:00","dateModified":"2020-07-07T06:57:52+00:00","mainEntityOfPage":{"@id":"https:\/\/fefac.cat\/empresarial\/aportacio-fongs-medicinals-salut-humana\/"},"wordCount":670,"commentCount":1,"image":{"@id":"https:\/\/fefac.cat\/empresarial\/aportacio-fongs-medicinals-salut-humana\/#primaryimage"},"thumbnailUrl":"https:\/\/fefac.cat\/empresarial\/wp-content\/uploads\/2020\/03\/Foto-cola-de-pavo-proposta-Victoria-Framis-1.jpg","keywords":["formaci\u00f3","ter\u00e0pies naturals","cursos","plantes medicinals","plantes","Salut"],"articleSection":["Actualitat","Empresarials","FEFAC","AFB","AFET","AFELL","AGFE","Formaci\u00f3"],"inLanguage":"ca","potentialAction":[{"@type":"CommentAction","name":"Comment","target":["https:\/\/fefac.cat\/empresarial\/aportacio-fongs-medicinals-salut-humana\/#respond"]}]},{"@type":"WebPage","@id":"https:\/\/fefac.cat\/empresarial\/aportacio-fongs-medicinals-salut-humana\/","url":"https:\/\/fefac.cat\/empresarial\/aportacio-fongs-medicinals-salut-humana\/","name":"Aportaci\u00f3 dels fongs medicinals a la salut humana","isPartOf":{"@id":"https:\/\/fefac.cat\/empresarial\/#website"},"primaryImageOfPage":{"@id":"https:\/\/fefac.cat\/empresarial\/aportacio-fongs-medicinals-salut-humana\/#primaryimage"},"image":{"@id":"https:\/\/fefac.cat\/empresarial\/aportacio-fongs-medicinals-salut-humana\/#primaryimage"},"thumbnailUrl":"https:\/\/fefac.cat\/empresarial\/wp-content\/uploads\/2020\/03\/Foto-cola-de-pavo-proposta-Victoria-Framis-1.jpg","datePublished":"2020-07-07T06:43:00+00:00","dateModified":"2020-07-07T06:57:52+00:00","author":{"@id":"https:\/\/fefac.cat\/empresarial\/#\/schema\/person\/6ac15c94fb359972b6bfa9c752486744"},"description":"La micoter\u00e0pia es defineix com l\u00b4\u00fas de preparats de fongs (b\u00e9 siguin deshidratats en pols, extractes o purificacions) amb finalitat terap\u00e8utica.","breadcrumb":{"@id":"https:\/\/fefac.cat\/empresarial\/aportacio-fongs-medicinals-salut-humana\/#breadcrumb"},"inLanguage":"ca","potentialAction":[{"@type":"ReadAction","target":["https:\/\/fefac.cat\/empresarial\/aportacio-fongs-medicinals-salut-humana\/"]}]},{"@type":"ImageObject","inLanguage":"ca","@id":"https:\/\/fefac.cat\/empresarial\/aportacio-fongs-medicinals-salut-humana\/#primaryimage","url":"https:\/\/fefac.cat\/empresarial\/wp-content\/uploads\/2020\/03\/Foto-cola-de-pavo-proposta-Victoria-Framis-1.jpg","contentUrl":"https:\/\/fefac.cat\/empresarial\/wp-content\/uploads\/2020\/03\/Foto-cola-de-pavo-proposta-Victoria-Framis-1.jpg","width":1024,"height":640},{"@type":"BreadcrumbList","@id":"https:\/\/fefac.cat\/empresarial\/aportacio-fongs-medicinals-salut-humana\/#breadcrumb","itemListElement":[{"@type":"ListItem","position":1,"name":"Home","item":"https:\/\/fefac.cat\/empresarial\/"},{"@type":"ListItem","position":2,"name":"Aportaci\u00f3 dels fongs medicinals a la salut humana"}]},{"@type":"WebSite","@id":"https:\/\/fefac.cat\/empresarial\/#website","url":"https:\/\/fefac.cat\/empresarial\/","name":"FEFAC","description":"Federaci\u00f3 d&#039;Associacions de Farm\u00e0cies de Catalunya","potentialAction":[{"@type":"SearchAction","target":{"@type":"EntryPoint","urlTemplate":"https:\/\/fefac.cat\/empresarial\/?s={search_term_string}"},"query-input":{"@type":"PropertyValueSpecification","valueRequired":true,"valueName":"search_term_string"}}],"inLanguage":"ca"},{"@type":"Person","@id":"https:\/\/fefac.cat\/empresarial\/#\/schema\/person\/6ac15c94fb359972b6bfa9c752486744","name":"lclavijo@afb.cat","url":"https:\/\/fefac.cat\/empresarial\/author\/laura-2\/"}]}},"_links":{"self":[{"href":"https:\/\/fefac.cat\/empresarial\/wp-json\/wp\/v2\/posts\/17283","targetHints":{"allow":["GET"]}}],"collection":[{"href":"https:\/\/fefac.cat\/empresarial\/wp-json\/wp\/v2\/posts"}],"about":[{"href":"https:\/\/fefac.cat\/empresarial\/wp-json\/wp\/v2\/types\/post"}],"author":[{"embeddable":true,"href":"https:\/\/fefac.cat\/empresarial\/wp-json\/wp\/v2\/users\/2313"}],"replies":[{"embeddable":true,"href":"https:\/\/fefac.cat\/empresarial\/wp-json\/wp\/v2\/comments?post=17283"}],"version-history":[{"count":0,"href":"https:\/\/fefac.cat\/empresarial\/wp-json\/wp\/v2\/posts\/17283\/revisions"}],"wp:featuredmedia":[{"embeddable":true,"href":"https:\/\/fefac.cat\/empresarial\/wp-json\/wp\/v2\/media\/17292"}],"wp:attachment":[{"href":"https:\/\/fefac.cat\/empresarial\/wp-json\/wp\/v2\/media?parent=17283"}],"wp:term":[{"taxonomy":"category","embeddable":true,"href":"https:\/\/fefac.cat\/empresarial\/wp-json\/wp\/v2\/categories?post=17283"},{"taxonomy":"post_tag","embeddable":true,"href":"https:\/\/fefac.cat\/empresarial\/wp-json\/wp\/v2\/tags?post=17283"}],"curies":[{"name":"wp","href":"https:\/\/api.w.org\/{rel}","templated":true}]}}