{"id":235462,"date":"2023-09-07T14:29:41","date_gmt":"2023-09-07T12:29:41","guid":{"rendered":"https:\/\/fefac.cat\/empresarial\/?p=235462"},"modified":"2023-09-07T14:29:45","modified_gmt":"2023-09-07T12:29:45","slug":"ce-pmcm-pagaments-empreses-administracio-30dies","status":"publish","type":"post","link":"https:\/\/fefac.cat\/empresarial\/ce-pmcm-pagaments-empreses-administracio-30dies\/","title":{"rendered":"La Comissi\u00f3 Europea vol obligar les empreses a pagar als seus prove\u00efdors en 30 dies, anuncia la PMcM"},"content":{"rendered":"\n<h2 class=\"wp-block-heading has-vivid-red-color has-text-color\">Aquesta \u00e9s una de les mesures que la Comissi\u00f3 Europea remetr\u00e0 al Parlament per sotmetre-les a aprovaci\u00f3 amb l&#8217;objectiu de frenar la morositat en les relacions comercials i fomentar aix\u00ed la liquiditat de les empreses<\/h2>\n\n\n\n<p>La <strong>Plataforma Multisectorial contra la Morositat (PMcM) <\/strong>ha tingut acc\u00e9s al document que la Comissi\u00f3 Europea remetr\u00e0 al Parlament per sotmetre&#8217;l a aprovaci\u00f3, en el qual proposa <strong>mesures per frenar la morositat en les relacions comercials i fomentar aix\u00ed la liquiditat de les empreses.<\/strong> <br><br>Es tracta d&#8217;un <strong>Reglament que substituir\u00e0 la Directiva<\/strong> Europea sobre Morositat, per la qual cosa tindr\u00e0 un <strong>car\u00e0cter immediat i directament aplicable a cada legislaci\u00f3 nacional<\/strong>. La mesura principal consisteix en el fet que les <strong>empreses hagin de pagar en un m\u00e0xim de 30 dies, en lloc dels 60<\/strong> com estava contemplat fins ara a la Directiva.<\/p>\n\n\n\n<p>El nou Reglament \u00e9s fruit de la <strong>revisi\u00f3 que la Comissi\u00f3 Europea ha fet de la Directiva, un gest que ha estat promogut en gran part per les m\u00faltiples reivindicacions de la PMcM. &#8220;Estem molt orgullosos d&#8217;haver estat un dels grans impulsors de la norma <\/strong>que reduir\u00e0 els pagaments en el sector privat a tota Europa, beneficiant a les pimes i aut\u00f2noms, que s\u00f3n els que m\u00e9s pateixen les conseq\u00fc\u00e8ncies de la morositat&#8221;, afirma el president de l&#8217;entitat, Antoni Ca\u00f1ete.<\/p>\n\n\n\n<p>En la seva opini\u00f3, la morositat en el pagament de factures representa &#8220;un problema sist\u00e8mic per a l&#8217;economia de la UE, afectant empreses de tots els sectors i de tots els estats membres, i de manera desproporcionadament greu a les pimes, que depenen de fluxos de liquiditat regulars i previsibles. Per tot aix\u00f2,<strong> l&#8217;anunci del Reglament \u00e9s una not\u00edcia de gran rellev\u00e0ncia per a l&#8217;economia europea en conjunt&#8221;.<\/strong><\/p>\n\n\n\n<p>A principis de juliol, <strong>la PMcM, juntament amb PIMEC, van celebrar un acte al Consell Econ\u00f2mic Social i Europeu<\/strong>, a Brussel\u00b7les, en el qual es van reunir amb representants de la Comissi\u00f3 Europea i del Parlament Europeu. Aix\u00f2 s&#8217;afegeix al fet que durant els \u00faltims<strong> mesos &#8220;hem estat en contacte amb membres de la Comissi\u00f3 Europea aportant documentaci\u00f3 i recomanacions per donar forma a aquesta futura norma tan necess\u00e0ria per a les nostres pimes i aut\u00f2noms&#8221;,<\/strong> explica Ca\u00f1ete.<\/p>\n\n\n\n<p><strong>Interessos a c\u00e0rrec del deutor i mediaci\u00f3, entre les noves mesures<br><\/strong><br>La morositat obstaculitza la competitivitat, augmenta la incertesa i, en el cas de la contractaci\u00f3 p\u00fablica, redueix la participaci\u00f3 de les pimes. En qualsevol empresa afectada augmenten les necessitats de capital circulant, incrementen els costos a causa del temps invertit a importunar els deutors i augmenten els costos de finan\u00e7ament. A m\u00e9s, la xacra de <strong>la morositat imposa una &#8220;pressi\u00f3 desproporcionada a les pimes&#8221;, denuncia el president de la PMcM, Antoni Ca\u00f1ete.<\/strong><\/p>\n\n\n\n<p>&#8220;Amb aquesta proposta de la Comissi\u00f3 Europea de substituir la Directiva per un <strong>Reglament<\/strong>, les pimes i aut\u00f2noms estan d&#8217;enhorabona, perqu\u00e8 a<strong>quest format dona m\u00e9s rapidesa i ofereix eines reals per lluitar contra la morositat&#8221;,<\/strong> afegeix. Tant \u00e9s aix\u00ed que el Reglament <strong>far\u00e0 que el pagament de taxes compensat\u00f2ries i interessos sigui legalment autom\u00e0tic en cas de morositat.<\/strong><\/p>\n\n\n\n<p>A m\u00e9s, el Reglament <strong>facilitar\u00e0 a les empreses fer valer els seus drets reduint la c\u00e0rrega i facilitant l&#8217;acc\u00e9s a una reparaci\u00f3 efectiva mitjan\u00e7ant la mediaci\u00f3.<\/strong> &#8220;Els litigis resolts mitjan\u00e7ant la mediaci\u00f3 suposen costos molt menors que els procediments judicials&#8221;, assenyala el president de la PMcM.<\/p>\n\n\n\n<p>En general, el reglament promour\u00e0 el principi de pensar primer a petita escala: en les pimes i aut\u00f2noms. En aquest sentit, la Comissi\u00f3 Europea ha assegurat que continuar\u00e0 millorant els seus processos de millora de la legislaci\u00f3, inclosa la visibilitat de les seves activitats de millora de la legislaci\u00f3 relacionades amb les pimes i la competitivitat, per garantir que la legislaci\u00f3 i les pol\u00edtiques de la UE funcionin millor per a les pimes.<\/p>\n","protected":false},"excerpt":{"rendered":"<p>La Comissi\u00f3 Europea vol obligar les empreses a pagar als seus prove\u00efdors en 30 dies, anuncia la PMcM<\/p>\n","protected":false},"author":2313,"featured_media":12970,"comment_status":"open","ping_status":"open","sticky":false,"template":"","format":"standard","meta":{"_et_pb_use_builder":"off","_et_pb_old_content":"","_et_gb_content_width":"","footnotes":""},"categories":[2066,10,11,12,13,14,15,36],"tags":[370,374,690,1306,1690],"class_list":["post-235462","post","type-post","status-publish","format-standard","has-post-thumbnail","hentry","category-categoria-actualitat","category-empresarials","category-fefac","category-afb","category-afet","category-afell","category-agfe","category-fiscal","tag-pmcm","tag-morositat","tag-antoni-canete","tag-plataforma-morositat","tag-empreses"],"yoast_head":"<!-- This site is optimized with the Yoast SEO plugin v27.5 - https:\/\/yoast.com\/product\/yoast-seo-wordpress\/ -->\n<title>La Comisi\u00f3 Europea vol obligar a les empreses a pagar a 30 dies<\/title>\n<meta name=\"description\" content=\"La Comissi\u00f3 Europea vol obligar les empreses a pagar als seus prove\u00efdors en 30 dies, anuncia la PMcM\" \/>\n<meta name=\"robots\" content=\"index, follow, max-snippet:-1, max-image-preview:large, max-video-preview:-1\" \/>\n<link rel=\"canonical\" href=\"https:\/\/fefac.cat\/empresarial\/ce-pmcm-pagaments-empreses-administracio-30dies\/\" \/>\n<meta property=\"og:locale\" content=\"ca_ES\" \/>\n<meta property=\"og:type\" content=\"article\" \/>\n<meta property=\"og:title\" content=\"La Comisi\u00f3 Europea vol obligar a les empreses a pagar a 30 dies\" \/>\n<meta property=\"og:description\" content=\"La Comissi\u00f3 Europea vol obligar les empreses a pagar als seus prove\u00efdors en 30 dies, anuncia la PMcM\" \/>\n<meta property=\"og:url\" content=\"https:\/\/fefac.cat\/empresarial\/ce-pmcm-pagaments-empreses-administracio-30dies\/\" \/>\n<meta property=\"og:site_name\" content=\"FEFAC\" \/>\n<meta property=\"article:published_time\" content=\"2023-09-07T12:29:41+00:00\" \/>\n<meta property=\"article:modified_time\" content=\"2023-09-07T12:29:45+00:00\" \/>\n<meta property=\"og:image\" content=\"https:\/\/fefac.cat\/empresarial\/wp-content\/uploads\/2019\/04\/Logo_PMcM.jpg\" \/>\n\t<meta property=\"og:image:width\" content=\"800\" \/>\n\t<meta property=\"og:image:height\" content=\"495\" \/>\n\t<meta property=\"og:image:type\" content=\"image\/jpeg\" \/>\n<meta name=\"author\" content=\"lclavijo@afb.cat\" \/>\n<meta name=\"twitter:card\" content=\"summary_large_image\" \/>\n<meta name=\"twitter:label1\" content=\"Escrit per\" \/>\n\t<meta name=\"twitter:data1\" content=\"lclavijo@afb.cat\" \/>\n\t<meta name=\"twitter:label2\" content=\"Temps estimat de lectura\" \/>\n\t<meta name=\"twitter:data2\" content=\"4 minuts\" \/>\n<script type=\"application\/ld+json\" class=\"yoast-schema-graph\">{\"@context\":\"https:\\\/\\\/schema.org\",\"@graph\":[{\"@type\":\"Article\",\"@id\":\"https:\\\/\\\/fefac.cat\\\/empresarial\\\/ce-pmcm-pagaments-empreses-administracio-30dies\\\/#article\",\"isPartOf\":{\"@id\":\"https:\\\/\\\/fefac.cat\\\/empresarial\\\/ce-pmcm-pagaments-empreses-administracio-30dies\\\/\"},\"author\":{\"name\":\"lclavijo@afb.cat\",\"@id\":\"https:\\\/\\\/fefac.cat\\\/empresarial\\\/#\\\/schema\\\/person\\\/6ac15c94fb359972b6bfa9c752486744\"},\"headline\":\"La Comissi\u00f3 Europea vol obligar les empreses a pagar als seus prove\u00efdors en 30 dies, anuncia la PMcM\",\"datePublished\":\"2023-09-07T12:29:41+00:00\",\"dateModified\":\"2023-09-07T12:29:45+00:00\",\"mainEntityOfPage\":{\"@id\":\"https:\\\/\\\/fefac.cat\\\/empresarial\\\/ce-pmcm-pagaments-empreses-administracio-30dies\\\/\"},\"wordCount\":682,\"commentCount\":1,\"image\":{\"@id\":\"https:\\\/\\\/fefac.cat\\\/empresarial\\\/ce-pmcm-pagaments-empreses-administracio-30dies\\\/#primaryimage\"},\"thumbnailUrl\":\"https:\\\/\\\/fefac.cat\\\/empresarial\\\/wp-content\\\/uploads\\\/2019\\\/04\\\/Logo_PMcM.jpg\",\"keywords\":[\"PmCM\",\"morositat\",\"Antoni Ca\u00f1ete\",\"Plataforma Morositat\",\"empreses\"],\"articleSection\":[\"Actualitat\",\"Empresarials\",\"FEFAC\",\"AFB\",\"AFET\",\"AFELL\",\"AGFE\",\"Fiscal\"],\"inLanguage\":\"ca\",\"potentialAction\":[{\"@type\":\"CommentAction\",\"name\":\"Comment\",\"target\":[\"https:\\\/\\\/fefac.cat\\\/empresarial\\\/ce-pmcm-pagaments-empreses-administracio-30dies\\\/#respond\"]}]},{\"@type\":\"WebPage\",\"@id\":\"https:\\\/\\\/fefac.cat\\\/empresarial\\\/ce-pmcm-pagaments-empreses-administracio-30dies\\\/\",\"url\":\"https:\\\/\\\/fefac.cat\\\/empresarial\\\/ce-pmcm-pagaments-empreses-administracio-30dies\\\/\",\"name\":\"La Comisi\u00f3 Europea vol obligar a les empreses a pagar a 30 dies\",\"isPartOf\":{\"@id\":\"https:\\\/\\\/fefac.cat\\\/empresarial\\\/#website\"},\"primaryImageOfPage\":{\"@id\":\"https:\\\/\\\/fefac.cat\\\/empresarial\\\/ce-pmcm-pagaments-empreses-administracio-30dies\\\/#primaryimage\"},\"image\":{\"@id\":\"https:\\\/\\\/fefac.cat\\\/empresarial\\\/ce-pmcm-pagaments-empreses-administracio-30dies\\\/#primaryimage\"},\"thumbnailUrl\":\"https:\\\/\\\/fefac.cat\\\/empresarial\\\/wp-content\\\/uploads\\\/2019\\\/04\\\/Logo_PMcM.jpg\",\"datePublished\":\"2023-09-07T12:29:41+00:00\",\"dateModified\":\"2023-09-07T12:29:45+00:00\",\"author\":{\"@id\":\"https:\\\/\\\/fefac.cat\\\/empresarial\\\/#\\\/schema\\\/person\\\/6ac15c94fb359972b6bfa9c752486744\"},\"description\":\"La Comissi\u00f3 Europea vol obligar les empreses a pagar als seus prove\u00efdors en 30 dies, anuncia la PMcM\",\"breadcrumb\":{\"@id\":\"https:\\\/\\\/fefac.cat\\\/empresarial\\\/ce-pmcm-pagaments-empreses-administracio-30dies\\\/#breadcrumb\"},\"inLanguage\":\"ca\",\"potentialAction\":[{\"@type\":\"ReadAction\",\"target\":[\"https:\\\/\\\/fefac.cat\\\/empresarial\\\/ce-pmcm-pagaments-empreses-administracio-30dies\\\/\"]}]},{\"@type\":\"ImageObject\",\"inLanguage\":\"ca\",\"@id\":\"https:\\\/\\\/fefac.cat\\\/empresarial\\\/ce-pmcm-pagaments-empreses-administracio-30dies\\\/#primaryimage\",\"url\":\"https:\\\/\\\/fefac.cat\\\/empresarial\\\/wp-content\\\/uploads\\\/2019\\\/04\\\/Logo_PMcM.jpg\",\"contentUrl\":\"https:\\\/\\\/fefac.cat\\\/empresarial\\\/wp-content\\\/uploads\\\/2019\\\/04\\\/Logo_PMcM.jpg\",\"width\":800,\"height\":495},{\"@type\":\"BreadcrumbList\",\"@id\":\"https:\\\/\\\/fefac.cat\\\/empresarial\\\/ce-pmcm-pagaments-empreses-administracio-30dies\\\/#breadcrumb\",\"itemListElement\":[{\"@type\":\"ListItem\",\"position\":1,\"name\":\"Home\",\"item\":\"https:\\\/\\\/fefac.cat\\\/empresarial\\\/\"},{\"@type\":\"ListItem\",\"position\":2,\"name\":\"La Comissi\u00f3 Europea vol obligar les empreses a pagar als seus prove\u00efdors en 30 dies, anuncia la PMcM\"}]},{\"@type\":\"WebSite\",\"@id\":\"https:\\\/\\\/fefac.cat\\\/empresarial\\\/#website\",\"url\":\"https:\\\/\\\/fefac.cat\\\/empresarial\\\/\",\"name\":\"FEFAC\",\"description\":\"Federaci\u00f3 d&#039;Associacions de Farm\u00e0cies de Catalunya\",\"potentialAction\":[{\"@type\":\"SearchAction\",\"target\":{\"@type\":\"EntryPoint\",\"urlTemplate\":\"https:\\\/\\\/fefac.cat\\\/empresarial\\\/?s={search_term_string}\"},\"query-input\":{\"@type\":\"PropertyValueSpecification\",\"valueRequired\":true,\"valueName\":\"search_term_string\"}}],\"inLanguage\":\"ca\"},{\"@type\":\"Person\",\"@id\":\"https:\\\/\\\/fefac.cat\\\/empresarial\\\/#\\\/schema\\\/person\\\/6ac15c94fb359972b6bfa9c752486744\",\"name\":\"lclavijo@afb.cat\",\"url\":\"https:\\\/\\\/fefac.cat\\\/empresarial\\\/author\\\/laura-2\\\/\"}]}<\/script>\n<!-- \/ Yoast SEO plugin. -->","yoast_head_json":{"title":"La Comisi\u00f3 Europea vol obligar a les empreses a pagar a 30 dies","description":"La Comissi\u00f3 Europea vol obligar les empreses a pagar als seus prove\u00efdors en 30 dies, anuncia la PMcM","robots":{"index":"index","follow":"follow","max-snippet":"max-snippet:-1","max-image-preview":"max-image-preview:large","max-video-preview":"max-video-preview:-1"},"canonical":"https:\/\/fefac.cat\/empresarial\/ce-pmcm-pagaments-empreses-administracio-30dies\/","og_locale":"ca_ES","og_type":"article","og_title":"La Comisi\u00f3 Europea vol obligar a les empreses a pagar a 30 dies","og_description":"La Comissi\u00f3 Europea vol obligar les empreses a pagar als seus prove\u00efdors en 30 dies, anuncia la PMcM","og_url":"https:\/\/fefac.cat\/empresarial\/ce-pmcm-pagaments-empreses-administracio-30dies\/","og_site_name":"FEFAC","article_published_time":"2023-09-07T12:29:41+00:00","article_modified_time":"2023-09-07T12:29:45+00:00","og_image":[{"width":800,"height":495,"url":"https:\/\/fefac.cat\/empresarial\/wp-content\/uploads\/2019\/04\/Logo_PMcM.jpg","type":"image\/jpeg"}],"author":"lclavijo@afb.cat","twitter_card":"summary_large_image","twitter_misc":{"Escrit per":"lclavijo@afb.cat","Temps estimat de lectura":"4 minuts"},"schema":{"@context":"https:\/\/schema.org","@graph":[{"@type":"Article","@id":"https:\/\/fefac.cat\/empresarial\/ce-pmcm-pagaments-empreses-administracio-30dies\/#article","isPartOf":{"@id":"https:\/\/fefac.cat\/empresarial\/ce-pmcm-pagaments-empreses-administracio-30dies\/"},"author":{"name":"lclavijo@afb.cat","@id":"https:\/\/fefac.cat\/empresarial\/#\/schema\/person\/6ac15c94fb359972b6bfa9c752486744"},"headline":"La Comissi\u00f3 Europea vol obligar les empreses a pagar als seus prove\u00efdors en 30 dies, anuncia la PMcM","datePublished":"2023-09-07T12:29:41+00:00","dateModified":"2023-09-07T12:29:45+00:00","mainEntityOfPage":{"@id":"https:\/\/fefac.cat\/empresarial\/ce-pmcm-pagaments-empreses-administracio-30dies\/"},"wordCount":682,"commentCount":1,"image":{"@id":"https:\/\/fefac.cat\/empresarial\/ce-pmcm-pagaments-empreses-administracio-30dies\/#primaryimage"},"thumbnailUrl":"https:\/\/fefac.cat\/empresarial\/wp-content\/uploads\/2019\/04\/Logo_PMcM.jpg","keywords":["PmCM","morositat","Antoni Ca\u00f1ete","Plataforma Morositat","empreses"],"articleSection":["Actualitat","Empresarials","FEFAC","AFB","AFET","AFELL","AGFE","Fiscal"],"inLanguage":"ca","potentialAction":[{"@type":"CommentAction","name":"Comment","target":["https:\/\/fefac.cat\/empresarial\/ce-pmcm-pagaments-empreses-administracio-30dies\/#respond"]}]},{"@type":"WebPage","@id":"https:\/\/fefac.cat\/empresarial\/ce-pmcm-pagaments-empreses-administracio-30dies\/","url":"https:\/\/fefac.cat\/empresarial\/ce-pmcm-pagaments-empreses-administracio-30dies\/","name":"La Comisi\u00f3 Europea vol obligar a les empreses a pagar a 30 dies","isPartOf":{"@id":"https:\/\/fefac.cat\/empresarial\/#website"},"primaryImageOfPage":{"@id":"https:\/\/fefac.cat\/empresarial\/ce-pmcm-pagaments-empreses-administracio-30dies\/#primaryimage"},"image":{"@id":"https:\/\/fefac.cat\/empresarial\/ce-pmcm-pagaments-empreses-administracio-30dies\/#primaryimage"},"thumbnailUrl":"https:\/\/fefac.cat\/empresarial\/wp-content\/uploads\/2019\/04\/Logo_PMcM.jpg","datePublished":"2023-09-07T12:29:41+00:00","dateModified":"2023-09-07T12:29:45+00:00","author":{"@id":"https:\/\/fefac.cat\/empresarial\/#\/schema\/person\/6ac15c94fb359972b6bfa9c752486744"},"description":"La Comissi\u00f3 Europea vol obligar les empreses a pagar als seus prove\u00efdors en 30 dies, anuncia la PMcM","breadcrumb":{"@id":"https:\/\/fefac.cat\/empresarial\/ce-pmcm-pagaments-empreses-administracio-30dies\/#breadcrumb"},"inLanguage":"ca","potentialAction":[{"@type":"ReadAction","target":["https:\/\/fefac.cat\/empresarial\/ce-pmcm-pagaments-empreses-administracio-30dies\/"]}]},{"@type":"ImageObject","inLanguage":"ca","@id":"https:\/\/fefac.cat\/empresarial\/ce-pmcm-pagaments-empreses-administracio-30dies\/#primaryimage","url":"https:\/\/fefac.cat\/empresarial\/wp-content\/uploads\/2019\/04\/Logo_PMcM.jpg","contentUrl":"https:\/\/fefac.cat\/empresarial\/wp-content\/uploads\/2019\/04\/Logo_PMcM.jpg","width":800,"height":495},{"@type":"BreadcrumbList","@id":"https:\/\/fefac.cat\/empresarial\/ce-pmcm-pagaments-empreses-administracio-30dies\/#breadcrumb","itemListElement":[{"@type":"ListItem","position":1,"name":"Home","item":"https:\/\/fefac.cat\/empresarial\/"},{"@type":"ListItem","position":2,"name":"La Comissi\u00f3 Europea vol obligar les empreses a pagar als seus prove\u00efdors en 30 dies, anuncia la PMcM"}]},{"@type":"WebSite","@id":"https:\/\/fefac.cat\/empresarial\/#website","url":"https:\/\/fefac.cat\/empresarial\/","name":"FEFAC","description":"Federaci\u00f3 d&#039;Associacions de Farm\u00e0cies de Catalunya","potentialAction":[{"@type":"SearchAction","target":{"@type":"EntryPoint","urlTemplate":"https:\/\/fefac.cat\/empresarial\/?s={search_term_string}"},"query-input":{"@type":"PropertyValueSpecification","valueRequired":true,"valueName":"search_term_string"}}],"inLanguage":"ca"},{"@type":"Person","@id":"https:\/\/fefac.cat\/empresarial\/#\/schema\/person\/6ac15c94fb359972b6bfa9c752486744","name":"lclavijo@afb.cat","url":"https:\/\/fefac.cat\/empresarial\/author\/laura-2\/"}]}},"_links":{"self":[{"href":"https:\/\/fefac.cat\/empresarial\/wp-json\/wp\/v2\/posts\/235462","targetHints":{"allow":["GET"]}}],"collection":[{"href":"https:\/\/fefac.cat\/empresarial\/wp-json\/wp\/v2\/posts"}],"about":[{"href":"https:\/\/fefac.cat\/empresarial\/wp-json\/wp\/v2\/types\/post"}],"author":[{"embeddable":true,"href":"https:\/\/fefac.cat\/empresarial\/wp-json\/wp\/v2\/users\/2313"}],"replies":[{"embeddable":true,"href":"https:\/\/fefac.cat\/empresarial\/wp-json\/wp\/v2\/comments?post=235462"}],"version-history":[{"count":0,"href":"https:\/\/fefac.cat\/empresarial\/wp-json\/wp\/v2\/posts\/235462\/revisions"}],"wp:featuredmedia":[{"embeddable":true,"href":"https:\/\/fefac.cat\/empresarial\/wp-json\/wp\/v2\/media\/12970"}],"wp:attachment":[{"href":"https:\/\/fefac.cat\/empresarial\/wp-json\/wp\/v2\/media?parent=235462"}],"wp:term":[{"taxonomy":"category","embeddable":true,"href":"https:\/\/fefac.cat\/empresarial\/wp-json\/wp\/v2\/categories?post=235462"},{"taxonomy":"post_tag","embeddable":true,"href":"https:\/\/fefac.cat\/empresarial\/wp-json\/wp\/v2\/tags?post=235462"}],"curies":[{"name":"wp","href":"https:\/\/api.w.org\/{rel}","templated":true}]}}