{"id":242104,"date":"2026-03-31T17:00:00","date_gmt":"2026-03-31T15:00:00","guid":{"rendered":"https:\/\/fefac.cat\/empresarial\/?p=242104"},"modified":"2026-03-30T20:08:03","modified_gmt":"2026-03-30T18:08:03","slug":"ana-quintilla-nueva-presidenta-de-la-asociacion-de-farmacias-de-barcelona-afb","status":"publish","type":"post","link":"https:\/\/fefac.cat\/empresarial\/ana-quintilla-nueva-presidenta-de-la-asociacion-de-farmacias-de-barcelona-afb\/","title":{"rendered":"Ana Quintilla, nueva presidenta de la Asociaci\u00f3n de Farmacias de Barcelona (AFB)"},"content":{"rendered":"\n<p><strong>Barcelona, 31 de marzo de 2026.<\/strong> &#8211; La <strong>Asociaci\u00f3n de Farmacias de Barcelona (AFB)<\/strong> ha nombrado a la farmac\u00e9utica <strong>Ana Quintilla<\/strong> como nueva presidenta, en el marco de la reciente renovaci\u00f3n de su \u00f3rgano de gobierno.<\/p>\n\n\n\n<p>Quintilla cuenta con una amplia trayectoria profesional, iniciada como farmac\u00e9utica sustituta y, desde 1998, como titular de oficina de farmacia. Actualmente tambi\u00e9n es vicepresidenta de la <strong>Federaci\u00f3n de Asociaciones de Farmacias de Catalu\u00f1a (FEFAC)<\/strong>, de la que forma parte la AFB, y mantiene un firme compromiso con la defensa de los intereses de la farmacia comunitaria. Adem\u00e1s, como miembro de las comisiones de <strong>Pimec Laboral<\/strong> y <strong>Pimec Salud y Social<\/strong>, complementa su experiencia sanitaria con una s\u00f3lida visi\u00f3n empresarial y de gesti\u00f3n.<\/p>\n\n\n\n<p>Con este nombramiento, la nueva Junta Directiva de la AFB queda constituida por: Ana Quintilla, presidenta; Roger Bel, vicepresidente; Tomeu Rossell\u00f3, secretario; Javier Albert, tesorero; N\u00faria Escarrer, vocal; y Regina Petit, vocal.<\/p>\n\n\n\n<p>La AFB es la asociaci\u00f3n provincial de Barcelona integrada en la FEFAC. Trabaja para representar, defender y promover los intereses de las farmacias de la demarcaci\u00f3n, as\u00ed como para impulsar iniciativas que refuercen el papel sanitario y social de la farmacia comunitaria.<\/p>\n\n\n\n<p><strong>Federaci\u00f3n de Asociaciones de Farmacias de Catalu\u00f1a (FEFAC)<\/strong><\/p>\n\n\n\n<p>La FEFAC se fund\u00f3 en 1990 con el objetivo de defender la oficina de farmacia y sus profesionales. Actualmente cuenta con m\u00e1s de 1.300 farmacias asociadas y es la \u00fanica entidad empresarial que representa a los titulares de oficina de farmacia de Catalu\u00f1a. Agrupa las cuatro asociaciones empresariales catalanas: la Asociaci\u00f3n de Farmacias de Barcelona (AFB), la Asociaci\u00f3n Gironina de Farmac\u00e9uticos Empresarios (AGFE), la Asociaci\u00f3n de Farmac\u00e9uticos Empresarios de Lleida (AFELL) y la Asociaci\u00f3n de Farmac\u00e9uticos con Oficina de Farmacia de Tarragona (AFET).<\/p>\n","protected":false},"excerpt":{"rendered":"<p>La Asociaci\u00f3n de Farmacias de Barcelona (AFB) ha nombrado a la farmac\u00e9utica Ana Quintilla como nueva presidenta, en el marco de la reciente renovaci\u00f3n de su \u00f3rgano de gobierno.<\/p>\n","protected":false},"author":2313,"featured_media":242103,"comment_status":"open","ping_status":"open","sticky":false,"template":"","format":"standard","meta":{"_et_pb_use_builder":"","_et_pb_old_content":"","_et_gb_content_width":"","footnotes":""},"categories":[2066,2067,18,10,11,12,13,14,15,297,19],"tags":[238,1159,1162],"class_list":["post-242104","post","type-post","status-publish","format-standard","has-post-thumbnail","hentry","category-categoria-actualitat","category-notes-premsa","category-general","category-empresarials","category-fefac","category-afb","category-afet","category-afell","category-agfe","category-fefac-actua","category-professio","tag-eleccions","tag-junta-directiva","tag-afb"],"yoast_head":"<!-- This site is optimized with the Yoast SEO plugin v27.4 - https:\/\/yoast.com\/product\/yoast-seo-wordpress\/ -->\n<title>La AFB renueva su junta directiva<\/title>\n<meta name=\"description\" content=\"La Asociaci\u00f3n de Farmacias de Barcelona (AFB) ha nombrado a la farmac\u00e9utica Ana Quintilla como nueva presidenta, en el marco de la reciente renovaci\u00f3n de su \u00f3rgano de gobierno.\" \/>\n<meta name=\"robots\" content=\"index, follow, max-snippet:-1, max-image-preview:large, max-video-preview:-1\" \/>\n<link rel=\"canonical\" href=\"https:\/\/fefac.cat\/empresarial\/ana-quintilla-nueva-presidenta-de-la-asociacion-de-farmacias-de-barcelona-afb\/\" \/>\n<meta property=\"og:locale\" content=\"ca_ES\" \/>\n<meta property=\"og:type\" content=\"article\" \/>\n<meta property=\"og:title\" content=\"La AFB renueva su junta directiva\" \/>\n<meta property=\"og:description\" content=\"La Asociaci\u00f3n de Farmacias de Barcelona (AFB) ha nombrado a la farmac\u00e9utica Ana Quintilla como nueva presidenta, en el marco de la reciente renovaci\u00f3n de su \u00f3rgano de gobierno.\" \/>\n<meta property=\"og:url\" content=\"https:\/\/fefac.cat\/empresarial\/ana-quintilla-nueva-presidenta-de-la-asociacion-de-farmacias-de-barcelona-afb\/\" \/>\n<meta property=\"og:site_name\" content=\"FEFAC\" \/>\n<meta property=\"article:published_time\" content=\"2026-03-31T15:00:00+00:00\" \/>\n<meta property=\"og:image\" content=\"https:\/\/fefac.cat\/empresarial\/wp-content\/uploads\/2026\/03\/ana-quintilla-web.jpg\" \/>\n\t<meta property=\"og:image:width\" content=\"800\" \/>\n\t<meta property=\"og:image:height\" content=\"450\" \/>\n\t<meta property=\"og:image:type\" content=\"image\/jpeg\" \/>\n<meta name=\"author\" content=\"lclavijo@afb.cat\" \/>\n<meta name=\"twitter:card\" content=\"summary_large_image\" \/>\n<meta name=\"twitter:label1\" content=\"Escrit per\" \/>\n\t<meta name=\"twitter:data1\" content=\"lclavijo@afb.cat\" \/>\n\t<meta name=\"twitter:label2\" content=\"Temps estimat de lectura\" \/>\n\t<meta name=\"twitter:data2\" content=\"2 minuts\" \/>\n<script type=\"application\/ld+json\" class=\"yoast-schema-graph\">{\"@context\":\"https:\\\/\\\/schema.org\",\"@graph\":[{\"@type\":\"Article\",\"@id\":\"https:\\\/\\\/fefac.cat\\\/empresarial\\\/ana-quintilla-nueva-presidenta-de-la-asociacion-de-farmacias-de-barcelona-afb\\\/#article\",\"isPartOf\":{\"@id\":\"https:\\\/\\\/fefac.cat\\\/empresarial\\\/ana-quintilla-nueva-presidenta-de-la-asociacion-de-farmacias-de-barcelona-afb\\\/\"},\"author\":{\"name\":\"lclavijo@afb.cat\",\"@id\":\"https:\\\/\\\/fefac.cat\\\/empresarial\\\/#\\\/schema\\\/person\\\/6ac15c94fb359972b6bfa9c752486744\"},\"headline\":\"Ana Quintilla, nueva presidenta de la Asociaci\u00f3n de Farmacias de Barcelona (AFB)\",\"datePublished\":\"2026-03-31T15:00:00+00:00\",\"mainEntityOfPage\":{\"@id\":\"https:\\\/\\\/fefac.cat\\\/empresarial\\\/ana-quintilla-nueva-presidenta-de-la-asociacion-de-farmacias-de-barcelona-afb\\\/\"},\"wordCount\":316,\"commentCount\":0,\"image\":{\"@id\":\"https:\\\/\\\/fefac.cat\\\/empresarial\\\/ana-quintilla-nueva-presidenta-de-la-asociacion-de-farmacias-de-barcelona-afb\\\/#primaryimage\"},\"thumbnailUrl\":\"https:\\\/\\\/fefac.cat\\\/empresarial\\\/wp-content\\\/uploads\\\/2026\\\/03\\\/ana-quintilla-web.jpg\",\"keywords\":[\"eleccions\",\"Junta Directiva\",\"AFB\"],\"articleSection\":[\"Actualitat\",\"Notes de premsa\",\"General\",\"Empresarials\",\"FEFAC\",\"AFB\",\"AFET\",\"AFELL\",\"AGFE\",\"FEFAC Actua\",\"Professi\u00f3\"],\"inLanguage\":\"ca\",\"potentialAction\":[{\"@type\":\"CommentAction\",\"name\":\"Comment\",\"target\":[\"https:\\\/\\\/fefac.cat\\\/empresarial\\\/ana-quintilla-nueva-presidenta-de-la-asociacion-de-farmacias-de-barcelona-afb\\\/#respond\"]}]},{\"@type\":\"WebPage\",\"@id\":\"https:\\\/\\\/fefac.cat\\\/empresarial\\\/ana-quintilla-nueva-presidenta-de-la-asociacion-de-farmacias-de-barcelona-afb\\\/\",\"url\":\"https:\\\/\\\/fefac.cat\\\/empresarial\\\/ana-quintilla-nueva-presidenta-de-la-asociacion-de-farmacias-de-barcelona-afb\\\/\",\"name\":\"La AFB renueva su junta directiva\",\"isPartOf\":{\"@id\":\"https:\\\/\\\/fefac.cat\\\/empresarial\\\/#website\"},\"primaryImageOfPage\":{\"@id\":\"https:\\\/\\\/fefac.cat\\\/empresarial\\\/ana-quintilla-nueva-presidenta-de-la-asociacion-de-farmacias-de-barcelona-afb\\\/#primaryimage\"},\"image\":{\"@id\":\"https:\\\/\\\/fefac.cat\\\/empresarial\\\/ana-quintilla-nueva-presidenta-de-la-asociacion-de-farmacias-de-barcelona-afb\\\/#primaryimage\"},\"thumbnailUrl\":\"https:\\\/\\\/fefac.cat\\\/empresarial\\\/wp-content\\\/uploads\\\/2026\\\/03\\\/ana-quintilla-web.jpg\",\"datePublished\":\"2026-03-31T15:00:00+00:00\",\"author\":{\"@id\":\"https:\\\/\\\/fefac.cat\\\/empresarial\\\/#\\\/schema\\\/person\\\/6ac15c94fb359972b6bfa9c752486744\"},\"description\":\"La Asociaci\u00f3n de Farmacias de Barcelona (AFB) ha nombrado a la farmac\u00e9utica Ana Quintilla como nueva presidenta, en el marco de la reciente renovaci\u00f3n de su \u00f3rgano de gobierno.\",\"breadcrumb\":{\"@id\":\"https:\\\/\\\/fefac.cat\\\/empresarial\\\/ana-quintilla-nueva-presidenta-de-la-asociacion-de-farmacias-de-barcelona-afb\\\/#breadcrumb\"},\"inLanguage\":\"ca\",\"potentialAction\":[{\"@type\":\"ReadAction\",\"target\":[\"https:\\\/\\\/fefac.cat\\\/empresarial\\\/ana-quintilla-nueva-presidenta-de-la-asociacion-de-farmacias-de-barcelona-afb\\\/\"]}]},{\"@type\":\"ImageObject\",\"inLanguage\":\"ca\",\"@id\":\"https:\\\/\\\/fefac.cat\\\/empresarial\\\/ana-quintilla-nueva-presidenta-de-la-asociacion-de-farmacias-de-barcelona-afb\\\/#primaryimage\",\"url\":\"https:\\\/\\\/fefac.cat\\\/empresarial\\\/wp-content\\\/uploads\\\/2026\\\/03\\\/ana-quintilla-web.jpg\",\"contentUrl\":\"https:\\\/\\\/fefac.cat\\\/empresarial\\\/wp-content\\\/uploads\\\/2026\\\/03\\\/ana-quintilla-web.jpg\",\"width\":800,\"height\":450},{\"@type\":\"BreadcrumbList\",\"@id\":\"https:\\\/\\\/fefac.cat\\\/empresarial\\\/ana-quintilla-nueva-presidenta-de-la-asociacion-de-farmacias-de-barcelona-afb\\\/#breadcrumb\",\"itemListElement\":[{\"@type\":\"ListItem\",\"position\":1,\"name\":\"Home\",\"item\":\"https:\\\/\\\/fefac.cat\\\/empresarial\\\/\"},{\"@type\":\"ListItem\",\"position\":2,\"name\":\"Ana Quintilla, nueva presidenta de la Asociaci\u00f3n de Farmacias de Barcelona (AFB)\"}]},{\"@type\":\"WebSite\",\"@id\":\"https:\\\/\\\/fefac.cat\\\/empresarial\\\/#website\",\"url\":\"https:\\\/\\\/fefac.cat\\\/empresarial\\\/\",\"name\":\"FEFAC\",\"description\":\"Federaci\u00f3 d&#039;Associacions de Farm\u00e0cies de Catalunya\",\"potentialAction\":[{\"@type\":\"SearchAction\",\"target\":{\"@type\":\"EntryPoint\",\"urlTemplate\":\"https:\\\/\\\/fefac.cat\\\/empresarial\\\/?s={search_term_string}\"},\"query-input\":{\"@type\":\"PropertyValueSpecification\",\"valueRequired\":true,\"valueName\":\"search_term_string\"}}],\"inLanguage\":\"ca\"},{\"@type\":\"Person\",\"@id\":\"https:\\\/\\\/fefac.cat\\\/empresarial\\\/#\\\/schema\\\/person\\\/6ac15c94fb359972b6bfa9c752486744\",\"name\":\"lclavijo@afb.cat\",\"url\":\"https:\\\/\\\/fefac.cat\\\/empresarial\\\/author\\\/laura-2\\\/\"}]}<\/script>\n<!-- \/ Yoast SEO plugin. -->","yoast_head_json":{"title":"La AFB renueva su junta directiva","description":"La Asociaci\u00f3n de Farmacias de Barcelona (AFB) ha nombrado a la farmac\u00e9utica Ana Quintilla como nueva presidenta, en el marco de la reciente renovaci\u00f3n de su \u00f3rgano de gobierno.","robots":{"index":"index","follow":"follow","max-snippet":"max-snippet:-1","max-image-preview":"max-image-preview:large","max-video-preview":"max-video-preview:-1"},"canonical":"https:\/\/fefac.cat\/empresarial\/ana-quintilla-nueva-presidenta-de-la-asociacion-de-farmacias-de-barcelona-afb\/","og_locale":"ca_ES","og_type":"article","og_title":"La AFB renueva su junta directiva","og_description":"La Asociaci\u00f3n de Farmacias de Barcelona (AFB) ha nombrado a la farmac\u00e9utica Ana Quintilla como nueva presidenta, en el marco de la reciente renovaci\u00f3n de su \u00f3rgano de gobierno.","og_url":"https:\/\/fefac.cat\/empresarial\/ana-quintilla-nueva-presidenta-de-la-asociacion-de-farmacias-de-barcelona-afb\/","og_site_name":"FEFAC","article_published_time":"2026-03-31T15:00:00+00:00","og_image":[{"width":800,"height":450,"url":"https:\/\/fefac.cat\/empresarial\/wp-content\/uploads\/2026\/03\/ana-quintilla-web.jpg","type":"image\/jpeg"}],"author":"lclavijo@afb.cat","twitter_card":"summary_large_image","twitter_misc":{"Escrit per":"lclavijo@afb.cat","Temps estimat de lectura":"2 minuts"},"schema":{"@context":"https:\/\/schema.org","@graph":[{"@type":"Article","@id":"https:\/\/fefac.cat\/empresarial\/ana-quintilla-nueva-presidenta-de-la-asociacion-de-farmacias-de-barcelona-afb\/#article","isPartOf":{"@id":"https:\/\/fefac.cat\/empresarial\/ana-quintilla-nueva-presidenta-de-la-asociacion-de-farmacias-de-barcelona-afb\/"},"author":{"name":"lclavijo@afb.cat","@id":"https:\/\/fefac.cat\/empresarial\/#\/schema\/person\/6ac15c94fb359972b6bfa9c752486744"},"headline":"Ana Quintilla, nueva presidenta de la Asociaci\u00f3n de Farmacias de Barcelona (AFB)","datePublished":"2026-03-31T15:00:00+00:00","mainEntityOfPage":{"@id":"https:\/\/fefac.cat\/empresarial\/ana-quintilla-nueva-presidenta-de-la-asociacion-de-farmacias-de-barcelona-afb\/"},"wordCount":316,"commentCount":0,"image":{"@id":"https:\/\/fefac.cat\/empresarial\/ana-quintilla-nueva-presidenta-de-la-asociacion-de-farmacias-de-barcelona-afb\/#primaryimage"},"thumbnailUrl":"https:\/\/fefac.cat\/empresarial\/wp-content\/uploads\/2026\/03\/ana-quintilla-web.jpg","keywords":["eleccions","Junta Directiva","AFB"],"articleSection":["Actualitat","Notes de premsa","General","Empresarials","FEFAC","AFB","AFET","AFELL","AGFE","FEFAC Actua","Professi\u00f3"],"inLanguage":"ca","potentialAction":[{"@type":"CommentAction","name":"Comment","target":["https:\/\/fefac.cat\/empresarial\/ana-quintilla-nueva-presidenta-de-la-asociacion-de-farmacias-de-barcelona-afb\/#respond"]}]},{"@type":"WebPage","@id":"https:\/\/fefac.cat\/empresarial\/ana-quintilla-nueva-presidenta-de-la-asociacion-de-farmacias-de-barcelona-afb\/","url":"https:\/\/fefac.cat\/empresarial\/ana-quintilla-nueva-presidenta-de-la-asociacion-de-farmacias-de-barcelona-afb\/","name":"La AFB renueva su junta directiva","isPartOf":{"@id":"https:\/\/fefac.cat\/empresarial\/#website"},"primaryImageOfPage":{"@id":"https:\/\/fefac.cat\/empresarial\/ana-quintilla-nueva-presidenta-de-la-asociacion-de-farmacias-de-barcelona-afb\/#primaryimage"},"image":{"@id":"https:\/\/fefac.cat\/empresarial\/ana-quintilla-nueva-presidenta-de-la-asociacion-de-farmacias-de-barcelona-afb\/#primaryimage"},"thumbnailUrl":"https:\/\/fefac.cat\/empresarial\/wp-content\/uploads\/2026\/03\/ana-quintilla-web.jpg","datePublished":"2026-03-31T15:00:00+00:00","author":{"@id":"https:\/\/fefac.cat\/empresarial\/#\/schema\/person\/6ac15c94fb359972b6bfa9c752486744"},"description":"La Asociaci\u00f3n de Farmacias de Barcelona (AFB) ha nombrado a la farmac\u00e9utica Ana Quintilla como nueva presidenta, en el marco de la reciente renovaci\u00f3n de su \u00f3rgano de gobierno.","breadcrumb":{"@id":"https:\/\/fefac.cat\/empresarial\/ana-quintilla-nueva-presidenta-de-la-asociacion-de-farmacias-de-barcelona-afb\/#breadcrumb"},"inLanguage":"ca","potentialAction":[{"@type":"ReadAction","target":["https:\/\/fefac.cat\/empresarial\/ana-quintilla-nueva-presidenta-de-la-asociacion-de-farmacias-de-barcelona-afb\/"]}]},{"@type":"ImageObject","inLanguage":"ca","@id":"https:\/\/fefac.cat\/empresarial\/ana-quintilla-nueva-presidenta-de-la-asociacion-de-farmacias-de-barcelona-afb\/#primaryimage","url":"https:\/\/fefac.cat\/empresarial\/wp-content\/uploads\/2026\/03\/ana-quintilla-web.jpg","contentUrl":"https:\/\/fefac.cat\/empresarial\/wp-content\/uploads\/2026\/03\/ana-quintilla-web.jpg","width":800,"height":450},{"@type":"BreadcrumbList","@id":"https:\/\/fefac.cat\/empresarial\/ana-quintilla-nueva-presidenta-de-la-asociacion-de-farmacias-de-barcelona-afb\/#breadcrumb","itemListElement":[{"@type":"ListItem","position":1,"name":"Home","item":"https:\/\/fefac.cat\/empresarial\/"},{"@type":"ListItem","position":2,"name":"Ana Quintilla, nueva presidenta de la Asociaci\u00f3n de Farmacias de Barcelona (AFB)"}]},{"@type":"WebSite","@id":"https:\/\/fefac.cat\/empresarial\/#website","url":"https:\/\/fefac.cat\/empresarial\/","name":"FEFAC","description":"Federaci\u00f3 d&#039;Associacions de Farm\u00e0cies de Catalunya","potentialAction":[{"@type":"SearchAction","target":{"@type":"EntryPoint","urlTemplate":"https:\/\/fefac.cat\/empresarial\/?s={search_term_string}"},"query-input":{"@type":"PropertyValueSpecification","valueRequired":true,"valueName":"search_term_string"}}],"inLanguage":"ca"},{"@type":"Person","@id":"https:\/\/fefac.cat\/empresarial\/#\/schema\/person\/6ac15c94fb359972b6bfa9c752486744","name":"lclavijo@afb.cat","url":"https:\/\/fefac.cat\/empresarial\/author\/laura-2\/"}]}},"_links":{"self":[{"href":"https:\/\/fefac.cat\/empresarial\/wp-json\/wp\/v2\/posts\/242104","targetHints":{"allow":["GET"]}}],"collection":[{"href":"https:\/\/fefac.cat\/empresarial\/wp-json\/wp\/v2\/posts"}],"about":[{"href":"https:\/\/fefac.cat\/empresarial\/wp-json\/wp\/v2\/types\/post"}],"author":[{"embeddable":true,"href":"https:\/\/fefac.cat\/empresarial\/wp-json\/wp\/v2\/users\/2313"}],"replies":[{"embeddable":true,"href":"https:\/\/fefac.cat\/empresarial\/wp-json\/wp\/v2\/comments?post=242104"}],"version-history":[{"count":1,"href":"https:\/\/fefac.cat\/empresarial\/wp-json\/wp\/v2\/posts\/242104\/revisions"}],"predecessor-version":[{"id":242105,"href":"https:\/\/fefac.cat\/empresarial\/wp-json\/wp\/v2\/posts\/242104\/revisions\/242105"}],"wp:featuredmedia":[{"embeddable":true,"href":"https:\/\/fefac.cat\/empresarial\/wp-json\/wp\/v2\/media\/242103"}],"wp:attachment":[{"href":"https:\/\/fefac.cat\/empresarial\/wp-json\/wp\/v2\/media?parent=242104"}],"wp:term":[{"taxonomy":"category","embeddable":true,"href":"https:\/\/fefac.cat\/empresarial\/wp-json\/wp\/v2\/categories?post=242104"},{"taxonomy":"post_tag","embeddable":true,"href":"https:\/\/fefac.cat\/empresarial\/wp-json\/wp\/v2\/tags?post=242104"}],"curies":[{"name":"wp","href":"https:\/\/api.w.org\/{rel}","templated":true}]}}