{"id":242202,"date":"2026-04-22T17:59:07","date_gmt":"2026-04-22T15:59:07","guid":{"rendered":"https:\/\/fefac.cat\/empresarial\/?p=242202"},"modified":"2026-04-22T18:23:00","modified_gmt":"2026-04-22T16:23:00","slug":"jornada-online-per-donar-a-coneixer-el-financament-icf-lidera-comerc","status":"publish","type":"post","link":"https:\/\/fefac.cat\/empresarial\/jornada-online-per-donar-a-coneixer-el-financament-icf-lidera-comerc\/","title":{"rendered":"Jornada online per donar a con\u00e8ixer el finan\u00e7ament ICF Lidera Comer\u00e7"},"content":{"rendered":"\n<h3 class=\"wp-block-heading\">La jornada est\u00e0 prevista el 27 d&#8217;abril les 13.30 h en format ONLINE<\/h3>\n\n\n\n<p><\/p>\n\n\n\n<p>Pimec Comer\u00e7 i l\u2019Institut Catal\u00e0 de Finances (ICF) organitzen la <strong>jornada informativa <em>\u201cICF Lidera Comer\u00e7: una soluci\u00f3 a les necessitats de finan\u00e7ament del sector\u201d<\/em><\/strong>, adre\u00e7ada a empresaris i professionals de proximitat que vulguin impulsar la modernitzaci\u00f3 o el creixement dels seus establiments.<\/p>\n\n\n\n<p>Durant la sessi\u00f3 es presentar\u00e0 la l\u00ednia de finan\u00e7ament <strong>ICF Lidera Comer\u00e7<\/strong>, una iniciativa que ofereix pr\u00e9stecs bonificats destinats a pimes i persones aut\u00f2nomes. Aquests ajuts estan pensats per facilitar inversions en renovaci\u00f3 d\u2019instal\u00b7lacions, equipaments o espais, aix\u00ed com per promoure projectes de transformaci\u00f3 digital i expansi\u00f3 empresarial.<\/p>\n\n\n\n<p>La jornada est\u00e0 prevista el <strong>27 d&#8217;abril les 13.30 h<\/strong>, amb la benvinguda a c\u00e0rrec de <strong>M\u00f2nica Gregori<\/strong>, presidenta de Pimec Comer\u00e7, i <strong>Marta Angerri<\/strong>, directora general de Comer\u00e7 de la Generalitat de Catalunya. Tot seguit, <strong>Pere Cots<\/strong>, director de Consultoria Estrat\u00e8gica i Finan\u00e7ament de Pimec, exposar\u00e0 els principals aspectes del finan\u00e7ament aplicat al sector comercial.<\/p>\n\n\n\n<p>Posteriorment, <strong>Oriol Vidal-Barraquer<\/strong>, director de Productes, Marca i Sostenibilitat de l\u2019ICF, detallar\u00e0 els requisits i condicions de la l\u00ednia <em>ICF Lidera Comer\u00e7<\/em>, destacant-ne les condicions avantatjoses i la flexibilitat del finan\u00e7ament.<\/p>\n\n\n\n<p>La sessi\u00f3 finalitzar\u00e0 amb un torn obert de preguntes moderat per <strong>Pilar M\u00ednguez<\/strong>, directora de Pimec Comer\u00e7, per resoldre dubtes i aprofundir en l\u2019aplicaci\u00f3 pr\u00e0ctica d\u2019aquesta eina.<\/p>\n\n\n\n<p>Si vols seguir la jornada <strong><em><span style=\"text-decoration: underline\"><a href=\"https:\/\/pimec.org\/agenda\/acte\/n\/icf-lidera-comerc-una-solucio-a-les-necessitats-de-financament-del-sector?utm_source=newsletter&amp;utm_medium=email&amp;utm_campaign=monografic_acte_icf_lidera_comer%C3%A7\">realitza la teva inscripci\u00f3 aqu\u00ed<\/a><\/span><\/em><\/strong><\/p>\n\n\n\n<p><\/p>\n\n\n\n<h3 class=\"wp-block-heading\">Inscripci\u00f3<\/h3>\n\n\n\n<p><strong>Per inscriure\u2019s, cal disposar d\u2019un compte a PIMEC&nbsp;<\/strong>(si no en teniu, el podeu crear&nbsp;<strong>indicant que sou socis de la FEFAC<\/strong>), ja que la inscripci\u00f3 \u00e9s exclusiva per als socis dels socis col\u00b7lectius.<\/p>\n\n\n\n<blockquote class=\"wp-block-quote is-layout-flow wp-block-quote-is-layout-flow\"><\/blockquote>\n","protected":false},"excerpt":{"rendered":"<p>Pimec Comer\u00e7 i l\u2019Institut Catal\u00e0 de Finances (ICF) organitzen la jornada informativa \u201cICF Lidera Comer\u00e7: una soluci\u00f3 a les necessitats de finan\u00e7ament del sector\u201d, adre\u00e7ada a empresaris i professionals de proximitat que vulguin impulsar la modernitzaci\u00f3 o el creixement dels seus establiments.<\/p>\n","protected":false},"author":2313,"featured_media":242203,"comment_status":"open","ping_status":"open","sticky":false,"template":"","format":"standard","meta":{"_et_pb_use_builder":"off","_et_pb_old_content":"<!-- wp:heading {\"textColor\":\"vivid-red\"} -->\n<h2 class=\"wp-block-heading has-vivid-red-color has-text-color\"><strong>No et perdis la pr\u00f2xima trobada amb titulars d'oficina de farm\u00e0cia!<\/strong><\/h2>\n<!-- \/wp:heading -->\n\n<!-- wp:paragraph -->\n<p>La <strong>FEFAC<\/strong>, l\u2019entitat que representa exclusivament els interessos dels titulars d\u2019oficina de farm\u00e0cia de Catalunya, <strong>ha reunit aquest dijous  a Martinet de la Cerdanya a farmac\u00e8utiques i farmac\u00e8utics titulars d\u2019oficina de farm\u00e0cia de la zona<\/strong>, en una segona etapa del seu <strong>Tour pel territori catal\u00e0.<\/strong> En la sessi\u00f3 ha participat el<strong> farmac\u00e8utic i president de la FEFAC, Antoni Torres<\/strong>, fent un rep\u00e0s pel passat recent, present i futur de la farm\u00e0cia. Aquesta \u00e9s la segona parada del FEFAC on TOUR II. La primera va ser el passat 10 d'octubre a Terrassa, la segona va ser el 19 d'octubre a Amposta i la tercera el dilluns, 23 d'octubre a Santa Coloma de Farners. Tamb\u00e9 s'ha realitzat una trobada el 9 de novembre a Lleida, el 30 de novembre a Martinet de la Cerdanya i el 12 de desembre a Figueres. <\/p>\n<!-- \/wp:paragraph -->\n\n<!-- wp:paragraph -->\n<p>Antoni Torres ha detallat decisions i accions que demostren, per una banda, la import\u00e0ncia i necessitat de la FEFAC per <strong>defensar els interessos de les farm\u00e0cies en el seu vessant d'empresa <\/strong>que tributa impostos, paga n\u00f2mines i ha d'obtenir resultats econ\u00f2mics positius suficients per mantenir les inversions i la qualitat del servei. D'altra banda, <strong>accions i gestions de l'empresarial que han contribu\u00eft a canviar el sector i que demostren la for\u00e7a de la FEFAC<\/strong>. Tamb\u00e9 ha relatat els <strong>resultats estrat\u00e8gics de la xarxa de farm\u00e0cies assolits durant la Covid-19 i la situaci\u00f3 actual <\/strong>enfront de la nova realitat multicanal.<\/p>\n<!-- \/wp:paragraph -->\n\n<!-- wp:paragraph -->\n<p>Finalment, s'ha reflexionat sobre la <strong>import\u00e0ncia estrat\u00e8gica de ser soci i sumar esfor\u00e7os de cara als reptes presents i futurs<\/strong>, molt m\u00e9s enll\u00e0 incl\u00fas de la negociaci\u00f3 del conveni o els serveis que s\u2019ofereixen. <\/p>\n<!-- \/wp:paragraph -->\n\n<!-- wp:paragraph -->\n<p>\"Nom\u00e9s empreses unides, representades per empresarials amb valors clars i transparents, alineades amb la societat i el servei p\u00fablic-privat del nostre model d'ordenaci\u00f3 farmac\u00e8utica, poden fer front a les grans corporacions, empreses i fons que treballen per aconseguir espai de negoci en l\u00e0mbit de la farm\u00e0cia i la salut\", assegura Antoni Torres.<\/p>\n<!-- \/wp:paragraph -->\n\n<!-- wp:paragraph -->\n<p> Aix\u00ed mateix, s'ha donat resposta a totes les q\u00fcestions que han plantejat els assistents.<\/p>\n<!-- \/wp:paragraph -->\n\n<!-- wp:heading {\"level\":3} -->\n<h3 class=\"wp-block-heading\"><strong>Parades del primer FEFAC on TOUR 2022-2023<\/strong><\/h3>\n<!-- \/wp:heading -->\n\n<!-- wp:paragraph -->\n<p>A finals de 2022, l'empresarial va reunir-se amb farmac\u00e8utics titulars d'Olot, Manresa, Vic, Roses, Badalona, Girona, Tarragona i Tortosa. <\/p>\n<!-- \/wp:paragraph -->\n\n<!-- wp:paragraph -->\n<p>Aquest 2023 ja s'ha realitzat tamb\u00e9 una reuni\u00f3 a Sant Feliu de Gu\u00edxols, Terrassa, Reus, Martorell, Figueres, Lleida, Sant Feliu de Llobregat, Granollers, El Vendrell, l'Hospitalet de Llobregat, La Sagrera (Barcelona), Girona, Tarragona i Barcelona.<\/p>\n<!-- \/wp:paragraph -->\n\n<!-- wp:heading {\"level\":3} -->\n<h3 class=\"wp-block-heading\"><strong>Pr\u00f2ximes reunions 2023<\/strong><\/h3>\n<!-- \/wp:heading -->\n\n<!-- wp:paragraph -->\n<p>Si ets farmac\u00e8utic (soci o no soci) i est\u00e0s <strong>interessat a assistir<\/strong> a alguna de les<a href=\"https:\/\/fefac.cat\/empresarial\/fefac-on-tour-segon-trimestre-2023\/\" target=\"_blank\" rel=\"noreferrer noopener\"> <strong><em><span style=\"text-decoration: underline\">sessions gratu\u00eftes que FEFAC organitza arreu del territori, <\/span><\/em><\/strong><\/a>nom\u00e9s cal que envi\u00efs un<strong> correu electr\u00f2nic <\/strong>per reservar la teva pla\u00e7a a<strong> fefac@fefac.cat<\/strong> (indica nom i cognoms, n\u00famero d'oficina de farm\u00e0cia i tel\u00e8fon de contacte). Si tens dubtes, truca al <strong>93 323 24 22<\/strong><\/p>\n<!-- \/wp:paragraph -->\n\n<!-- wp:paragraph -->\n<p><\/p>\n<!-- \/wp:paragraph -->\n\n<!-- wp:embed {\"url\":\"https:\/\/fefac.cat\/empresarial\/fefac-on-tour-continua-calendari-de-proximes-reunions-amb-titulars-doficina-de-farmacia-de-catalunya\/\",\"type\":\"wp-embed\",\"providerNameSlug\":\"fefac\"} -->\n<figure class=\"wp-block-embed is-type-wp-embed is-provider-fefac wp-block-embed-fefac\"><div class=\"wp-block-embed__wrapper\">\nhttps:\/\/fefac.cat\/empresarial\/fefac-on-tour-continua-calendari-de-proximes-reunions-amb-titulars-doficina-de-farmacia-de-catalunya\/\n<\/div><\/figure>\n<!-- \/wp:embed -->","_et_gb_content_width":"","footnotes":""},"categories":[2066,10,11,12,13,14,15,2112],"tags":[85,138,711,1797,3020],"class_list":["post-242202","post","type-post","status-publish","format-standard","has-post-thumbnail","hentry","category-categoria-actualitat","category-empresarials","category-fefac","category-afb","category-afet","category-afell","category-agfe","category-subvencions","tag-fefac","tag-subvencions","tag-farmaceutics","tag-infancia","tag-icf-lidera"],"yoast_head":"<!-- This site is optimized with the Yoast SEO plugin v27.4 - https:\/\/yoast.com\/product\/yoast-seo-wordpress\/ -->\n<title>Jornada online per donar a con\u00e8ixer el finan\u00e7ament ICF Lidera Comer\u00e7<\/title>\n<meta name=\"description\" content=\"Pimec Comer\u00e7 i l\u2019Institut Catal\u00e0 de Finances (ICF) organitzen la jornada informativa \u201cICF Lidera Comer\u00e7: una soluci\u00f3 a les necessitats de finan\u00e7ament del sector\u201d, adre\u00e7ada a empresaris i professionals de proximitat que vulguin impulsar la modernitzaci\u00f3 o el creixement dels seus establiments.\" \/>\n<meta name=\"robots\" content=\"index, follow, max-snippet:-1, max-image-preview:large, max-video-preview:-1\" \/>\n<link rel=\"canonical\" href=\"https:\/\/fefac.cat\/empresarial\/jornada-online-per-donar-a-coneixer-el-financament-icf-lidera-comerc\/\" \/>\n<meta property=\"og:locale\" content=\"ca_ES\" \/>\n<meta property=\"og:type\" content=\"article\" \/>\n<meta property=\"og:title\" content=\"Jornada online per donar a con\u00e8ixer el finan\u00e7ament ICF Lidera Comer\u00e7\" \/>\n<meta property=\"og:description\" content=\"Pimec Comer\u00e7 i l\u2019Institut Catal\u00e0 de Finances (ICF) organitzen la jornada informativa \u201cICF Lidera Comer\u00e7: una soluci\u00f3 a les necessitats de finan\u00e7ament del sector\u201d, adre\u00e7ada a empresaris i professionals de proximitat que vulguin impulsar la modernitzaci\u00f3 o el creixement dels seus establiments.\" \/>\n<meta property=\"og:url\" content=\"https:\/\/fefac.cat\/empresarial\/jornada-online-per-donar-a-coneixer-el-financament-icf-lidera-comerc\/\" \/>\n<meta property=\"og:site_name\" content=\"FEFAC\" \/>\n<meta property=\"article:published_time\" content=\"2026-04-22T15:59:07+00:00\" \/>\n<meta property=\"article:modified_time\" content=\"2026-04-22T16:23:00+00:00\" \/>\n<meta property=\"og:image\" content=\"https:\/\/fefac.cat\/empresarial\/wp-content\/uploads\/2026\/04\/icf-lidera.jpg\" \/>\n\t<meta property=\"og:image:width\" content=\"800\" \/>\n\t<meta property=\"og:image:height\" content=\"450\" \/>\n\t<meta property=\"og:image:type\" content=\"image\/jpeg\" \/>\n<meta name=\"author\" content=\"lclavijo@afb.cat\" \/>\n<meta name=\"twitter:card\" content=\"summary_large_image\" \/>\n<meta name=\"twitter:label1\" content=\"Escrit per\" \/>\n\t<meta name=\"twitter:data1\" content=\"lclavijo@afb.cat\" \/>\n\t<meta name=\"twitter:label2\" content=\"Temps estimat de lectura\" \/>\n\t<meta name=\"twitter:data2\" content=\"2 minuts\" \/>\n<script type=\"application\/ld+json\" class=\"yoast-schema-graph\">{\"@context\":\"https:\\\/\\\/schema.org\",\"@graph\":[{\"@type\":\"Article\",\"@id\":\"https:\\\/\\\/fefac.cat\\\/empresarial\\\/jornada-online-per-donar-a-coneixer-el-financament-icf-lidera-comerc\\\/#article\",\"isPartOf\":{\"@id\":\"https:\\\/\\\/fefac.cat\\\/empresarial\\\/jornada-online-per-donar-a-coneixer-el-financament-icf-lidera-comerc\\\/\"},\"author\":{\"name\":\"lclavijo@afb.cat\",\"@id\":\"https:\\\/\\\/fefac.cat\\\/empresarial\\\/#\\\/schema\\\/person\\\/6ac15c94fb359972b6bfa9c752486744\"},\"headline\":\"Jornada online per donar a con\u00e8ixer el finan\u00e7ament ICF Lidera Comer\u00e7\",\"datePublished\":\"2026-04-22T15:59:07+00:00\",\"dateModified\":\"2026-04-22T16:23:00+00:00\",\"mainEntityOfPage\":{\"@id\":\"https:\\\/\\\/fefac.cat\\\/empresarial\\\/jornada-online-per-donar-a-coneixer-el-financament-icf-lidera-comerc\\\/\"},\"wordCount\":299,\"commentCount\":0,\"image\":{\"@id\":\"https:\\\/\\\/fefac.cat\\\/empresarial\\\/jornada-online-per-donar-a-coneixer-el-financament-icf-lidera-comerc\\\/#primaryimage\"},\"thumbnailUrl\":\"https:\\\/\\\/fefac.cat\\\/empresarial\\\/wp-content\\\/uploads\\\/2026\\\/04\\\/icf-lidera.jpg\",\"keywords\":[\"FEFAC\",\"subvencions\",\"farmac\u00e8utics\",\"inf\u00e0ncia\",\"ICF LIdera\"],\"articleSection\":[\"Actualitat\",\"Empresarials\",\"FEFAC\",\"AFB\",\"AFET\",\"AFELL\",\"AGFE\",\"Subvencions\"],\"inLanguage\":\"ca\",\"potentialAction\":[{\"@type\":\"CommentAction\",\"name\":\"Comment\",\"target\":[\"https:\\\/\\\/fefac.cat\\\/empresarial\\\/jornada-online-per-donar-a-coneixer-el-financament-icf-lidera-comerc\\\/#respond\"]}]},{\"@type\":\"WebPage\",\"@id\":\"https:\\\/\\\/fefac.cat\\\/empresarial\\\/jornada-online-per-donar-a-coneixer-el-financament-icf-lidera-comerc\\\/\",\"url\":\"https:\\\/\\\/fefac.cat\\\/empresarial\\\/jornada-online-per-donar-a-coneixer-el-financament-icf-lidera-comerc\\\/\",\"name\":\"Jornada online per donar a con\u00e8ixer el finan\u00e7ament ICF Lidera Comer\u00e7\",\"isPartOf\":{\"@id\":\"https:\\\/\\\/fefac.cat\\\/empresarial\\\/#website\"},\"primaryImageOfPage\":{\"@id\":\"https:\\\/\\\/fefac.cat\\\/empresarial\\\/jornada-online-per-donar-a-coneixer-el-financament-icf-lidera-comerc\\\/#primaryimage\"},\"image\":{\"@id\":\"https:\\\/\\\/fefac.cat\\\/empresarial\\\/jornada-online-per-donar-a-coneixer-el-financament-icf-lidera-comerc\\\/#primaryimage\"},\"thumbnailUrl\":\"https:\\\/\\\/fefac.cat\\\/empresarial\\\/wp-content\\\/uploads\\\/2026\\\/04\\\/icf-lidera.jpg\",\"datePublished\":\"2026-04-22T15:59:07+00:00\",\"dateModified\":\"2026-04-22T16:23:00+00:00\",\"author\":{\"@id\":\"https:\\\/\\\/fefac.cat\\\/empresarial\\\/#\\\/schema\\\/person\\\/6ac15c94fb359972b6bfa9c752486744\"},\"description\":\"Pimec Comer\u00e7 i l\u2019Institut Catal\u00e0 de Finances (ICF) organitzen la jornada informativa \u201cICF Lidera Comer\u00e7: una soluci\u00f3 a les necessitats de finan\u00e7ament del sector\u201d, adre\u00e7ada a empresaris i professionals de proximitat que vulguin impulsar la modernitzaci\u00f3 o el creixement dels seus establiments.\",\"breadcrumb\":{\"@id\":\"https:\\\/\\\/fefac.cat\\\/empresarial\\\/jornada-online-per-donar-a-coneixer-el-financament-icf-lidera-comerc\\\/#breadcrumb\"},\"inLanguage\":\"ca\",\"potentialAction\":[{\"@type\":\"ReadAction\",\"target\":[\"https:\\\/\\\/fefac.cat\\\/empresarial\\\/jornada-online-per-donar-a-coneixer-el-financament-icf-lidera-comerc\\\/\"]}]},{\"@type\":\"ImageObject\",\"inLanguage\":\"ca\",\"@id\":\"https:\\\/\\\/fefac.cat\\\/empresarial\\\/jornada-online-per-donar-a-coneixer-el-financament-icf-lidera-comerc\\\/#primaryimage\",\"url\":\"https:\\\/\\\/fefac.cat\\\/empresarial\\\/wp-content\\\/uploads\\\/2026\\\/04\\\/icf-lidera.jpg\",\"contentUrl\":\"https:\\\/\\\/fefac.cat\\\/empresarial\\\/wp-content\\\/uploads\\\/2026\\\/04\\\/icf-lidera.jpg\",\"width\":800,\"height\":450},{\"@type\":\"BreadcrumbList\",\"@id\":\"https:\\\/\\\/fefac.cat\\\/empresarial\\\/jornada-online-per-donar-a-coneixer-el-financament-icf-lidera-comerc\\\/#breadcrumb\",\"itemListElement\":[{\"@type\":\"ListItem\",\"position\":1,\"name\":\"Home\",\"item\":\"https:\\\/\\\/fefac.cat\\\/empresarial\\\/\"},{\"@type\":\"ListItem\",\"position\":2,\"name\":\"Jornada online per donar a con\u00e8ixer el finan\u00e7ament ICF Lidera Comer\u00e7\"}]},{\"@type\":\"WebSite\",\"@id\":\"https:\\\/\\\/fefac.cat\\\/empresarial\\\/#website\",\"url\":\"https:\\\/\\\/fefac.cat\\\/empresarial\\\/\",\"name\":\"FEFAC\",\"description\":\"Federaci\u00f3 d&#039;Associacions de Farm\u00e0cies de Catalunya\",\"potentialAction\":[{\"@type\":\"SearchAction\",\"target\":{\"@type\":\"EntryPoint\",\"urlTemplate\":\"https:\\\/\\\/fefac.cat\\\/empresarial\\\/?s={search_term_string}\"},\"query-input\":{\"@type\":\"PropertyValueSpecification\",\"valueRequired\":true,\"valueName\":\"search_term_string\"}}],\"inLanguage\":\"ca\"},{\"@type\":\"Person\",\"@id\":\"https:\\\/\\\/fefac.cat\\\/empresarial\\\/#\\\/schema\\\/person\\\/6ac15c94fb359972b6bfa9c752486744\",\"name\":\"lclavijo@afb.cat\",\"url\":\"https:\\\/\\\/fefac.cat\\\/empresarial\\\/author\\\/laura-2\\\/\"}]}<\/script>\n<!-- \/ Yoast SEO plugin. -->","yoast_head_json":{"title":"Jornada online per donar a con\u00e8ixer el finan\u00e7ament ICF Lidera Comer\u00e7","description":"Pimec Comer\u00e7 i l\u2019Institut Catal\u00e0 de Finances (ICF) organitzen la jornada informativa \u201cICF Lidera Comer\u00e7: una soluci\u00f3 a les necessitats de finan\u00e7ament del sector\u201d, adre\u00e7ada a empresaris i professionals de proximitat que vulguin impulsar la modernitzaci\u00f3 o el creixement dels seus establiments.","robots":{"index":"index","follow":"follow","max-snippet":"max-snippet:-1","max-image-preview":"max-image-preview:large","max-video-preview":"max-video-preview:-1"},"canonical":"https:\/\/fefac.cat\/empresarial\/jornada-online-per-donar-a-coneixer-el-financament-icf-lidera-comerc\/","og_locale":"ca_ES","og_type":"article","og_title":"Jornada online per donar a con\u00e8ixer el finan\u00e7ament ICF Lidera Comer\u00e7","og_description":"Pimec Comer\u00e7 i l\u2019Institut Catal\u00e0 de Finances (ICF) organitzen la jornada informativa \u201cICF Lidera Comer\u00e7: una soluci\u00f3 a les necessitats de finan\u00e7ament del sector\u201d, adre\u00e7ada a empresaris i professionals de proximitat que vulguin impulsar la modernitzaci\u00f3 o el creixement dels seus establiments.","og_url":"https:\/\/fefac.cat\/empresarial\/jornada-online-per-donar-a-coneixer-el-financament-icf-lidera-comerc\/","og_site_name":"FEFAC","article_published_time":"2026-04-22T15:59:07+00:00","article_modified_time":"2026-04-22T16:23:00+00:00","og_image":[{"width":800,"height":450,"url":"https:\/\/fefac.cat\/empresarial\/wp-content\/uploads\/2026\/04\/icf-lidera.jpg","type":"image\/jpeg"}],"author":"lclavijo@afb.cat","twitter_card":"summary_large_image","twitter_misc":{"Escrit per":"lclavijo@afb.cat","Temps estimat de lectura":"2 minuts"},"schema":{"@context":"https:\/\/schema.org","@graph":[{"@type":"Article","@id":"https:\/\/fefac.cat\/empresarial\/jornada-online-per-donar-a-coneixer-el-financament-icf-lidera-comerc\/#article","isPartOf":{"@id":"https:\/\/fefac.cat\/empresarial\/jornada-online-per-donar-a-coneixer-el-financament-icf-lidera-comerc\/"},"author":{"name":"lclavijo@afb.cat","@id":"https:\/\/fefac.cat\/empresarial\/#\/schema\/person\/6ac15c94fb359972b6bfa9c752486744"},"headline":"Jornada online per donar a con\u00e8ixer el finan\u00e7ament ICF Lidera Comer\u00e7","datePublished":"2026-04-22T15:59:07+00:00","dateModified":"2026-04-22T16:23:00+00:00","mainEntityOfPage":{"@id":"https:\/\/fefac.cat\/empresarial\/jornada-online-per-donar-a-coneixer-el-financament-icf-lidera-comerc\/"},"wordCount":299,"commentCount":0,"image":{"@id":"https:\/\/fefac.cat\/empresarial\/jornada-online-per-donar-a-coneixer-el-financament-icf-lidera-comerc\/#primaryimage"},"thumbnailUrl":"https:\/\/fefac.cat\/empresarial\/wp-content\/uploads\/2026\/04\/icf-lidera.jpg","keywords":["FEFAC","subvencions","farmac\u00e8utics","inf\u00e0ncia","ICF LIdera"],"articleSection":["Actualitat","Empresarials","FEFAC","AFB","AFET","AFELL","AGFE","Subvencions"],"inLanguage":"ca","potentialAction":[{"@type":"CommentAction","name":"Comment","target":["https:\/\/fefac.cat\/empresarial\/jornada-online-per-donar-a-coneixer-el-financament-icf-lidera-comerc\/#respond"]}]},{"@type":"WebPage","@id":"https:\/\/fefac.cat\/empresarial\/jornada-online-per-donar-a-coneixer-el-financament-icf-lidera-comerc\/","url":"https:\/\/fefac.cat\/empresarial\/jornada-online-per-donar-a-coneixer-el-financament-icf-lidera-comerc\/","name":"Jornada online per donar a con\u00e8ixer el finan\u00e7ament ICF Lidera Comer\u00e7","isPartOf":{"@id":"https:\/\/fefac.cat\/empresarial\/#website"},"primaryImageOfPage":{"@id":"https:\/\/fefac.cat\/empresarial\/jornada-online-per-donar-a-coneixer-el-financament-icf-lidera-comerc\/#primaryimage"},"image":{"@id":"https:\/\/fefac.cat\/empresarial\/jornada-online-per-donar-a-coneixer-el-financament-icf-lidera-comerc\/#primaryimage"},"thumbnailUrl":"https:\/\/fefac.cat\/empresarial\/wp-content\/uploads\/2026\/04\/icf-lidera.jpg","datePublished":"2026-04-22T15:59:07+00:00","dateModified":"2026-04-22T16:23:00+00:00","author":{"@id":"https:\/\/fefac.cat\/empresarial\/#\/schema\/person\/6ac15c94fb359972b6bfa9c752486744"},"description":"Pimec Comer\u00e7 i l\u2019Institut Catal\u00e0 de Finances (ICF) organitzen la jornada informativa \u201cICF Lidera Comer\u00e7: una soluci\u00f3 a les necessitats de finan\u00e7ament del sector\u201d, adre\u00e7ada a empresaris i professionals de proximitat que vulguin impulsar la modernitzaci\u00f3 o el creixement dels seus establiments.","breadcrumb":{"@id":"https:\/\/fefac.cat\/empresarial\/jornada-online-per-donar-a-coneixer-el-financament-icf-lidera-comerc\/#breadcrumb"},"inLanguage":"ca","potentialAction":[{"@type":"ReadAction","target":["https:\/\/fefac.cat\/empresarial\/jornada-online-per-donar-a-coneixer-el-financament-icf-lidera-comerc\/"]}]},{"@type":"ImageObject","inLanguage":"ca","@id":"https:\/\/fefac.cat\/empresarial\/jornada-online-per-donar-a-coneixer-el-financament-icf-lidera-comerc\/#primaryimage","url":"https:\/\/fefac.cat\/empresarial\/wp-content\/uploads\/2026\/04\/icf-lidera.jpg","contentUrl":"https:\/\/fefac.cat\/empresarial\/wp-content\/uploads\/2026\/04\/icf-lidera.jpg","width":800,"height":450},{"@type":"BreadcrumbList","@id":"https:\/\/fefac.cat\/empresarial\/jornada-online-per-donar-a-coneixer-el-financament-icf-lidera-comerc\/#breadcrumb","itemListElement":[{"@type":"ListItem","position":1,"name":"Home","item":"https:\/\/fefac.cat\/empresarial\/"},{"@type":"ListItem","position":2,"name":"Jornada online per donar a con\u00e8ixer el finan\u00e7ament ICF Lidera Comer\u00e7"}]},{"@type":"WebSite","@id":"https:\/\/fefac.cat\/empresarial\/#website","url":"https:\/\/fefac.cat\/empresarial\/","name":"FEFAC","description":"Federaci\u00f3 d&#039;Associacions de Farm\u00e0cies de Catalunya","potentialAction":[{"@type":"SearchAction","target":{"@type":"EntryPoint","urlTemplate":"https:\/\/fefac.cat\/empresarial\/?s={search_term_string}"},"query-input":{"@type":"PropertyValueSpecification","valueRequired":true,"valueName":"search_term_string"}}],"inLanguage":"ca"},{"@type":"Person","@id":"https:\/\/fefac.cat\/empresarial\/#\/schema\/person\/6ac15c94fb359972b6bfa9c752486744","name":"lclavijo@afb.cat","url":"https:\/\/fefac.cat\/empresarial\/author\/laura-2\/"}]}},"_links":{"self":[{"href":"https:\/\/fefac.cat\/empresarial\/wp-json\/wp\/v2\/posts\/242202","targetHints":{"allow":["GET"]}}],"collection":[{"href":"https:\/\/fefac.cat\/empresarial\/wp-json\/wp\/v2\/posts"}],"about":[{"href":"https:\/\/fefac.cat\/empresarial\/wp-json\/wp\/v2\/types\/post"}],"author":[{"embeddable":true,"href":"https:\/\/fefac.cat\/empresarial\/wp-json\/wp\/v2\/users\/2313"}],"replies":[{"embeddable":true,"href":"https:\/\/fefac.cat\/empresarial\/wp-json\/wp\/v2\/comments?post=242202"}],"version-history":[{"count":5,"href":"https:\/\/fefac.cat\/empresarial\/wp-json\/wp\/v2\/posts\/242202\/revisions"}],"predecessor-version":[{"id":242210,"href":"https:\/\/fefac.cat\/empresarial\/wp-json\/wp\/v2\/posts\/242202\/revisions\/242210"}],"wp:featuredmedia":[{"embeddable":true,"href":"https:\/\/fefac.cat\/empresarial\/wp-json\/wp\/v2\/media\/242203"}],"wp:attachment":[{"href":"https:\/\/fefac.cat\/empresarial\/wp-json\/wp\/v2\/media?parent=242202"}],"wp:term":[{"taxonomy":"category","embeddable":true,"href":"https:\/\/fefac.cat\/empresarial\/wp-json\/wp\/v2\/categories?post=242202"},{"taxonomy":"post_tag","embeddable":true,"href":"https:\/\/fefac.cat\/empresarial\/wp-json\/wp\/v2\/tags?post=242202"}],"curies":[{"name":"wp","href":"https:\/\/api.w.org\/{rel}","templated":true}]}}