{"id":242221,"date":"2026-04-24T16:32:25","date_gmt":"2026-04-24T14:32:25","guid":{"rendered":"https:\/\/fefac.cat\/empresarial\/?p=242221"},"modified":"2026-04-24T16:33:53","modified_gmt":"2026-04-24T14:33:53","slug":"comunicacio-a-les-oficines-de-farmacia-sobre-lincident-de-seguretat-de-farmadosis","status":"publish","type":"post","link":"https:\/\/fefac.cat\/empresarial\/comunicacio-a-les-oficines-de-farmacia-sobre-lincident-de-seguretat-de-farmadosis\/","title":{"rendered":"Comunicaci\u00f3 a les oficines de farm\u00e0cia sobre l&#8217;incident de seguretat de Farmadosis"},"content":{"rendered":"<div class=\"members-access-error\">&nbsp;<\/p>\n<p>Ho sentim, per\u00f2 no tens perm\u00eds per veure aquest contingut. Heu d&#8217;<a href=\"https:\/\/fefac.cat\/empresarial\/wp-login.php\">iniciar la sessi\u00f3<\/a>.<\/div>\n","protected":false},"excerpt":{"rendered":"<div class=\"members-access-error\">&nbsp;<\/p>\n<p>Ho sentim, per\u00f2 no tens perm\u00eds per veure aquest contingut. Heu d&#8217;<a href=\"https:\/\/fefac.cat\/empresarial\/wp-login.php\">iniciar la sessi\u00f3<\/a>.<\/div>\n","protected":false},"author":2313,"featured_media":224377,"comment_status":"open","ping_status":"open","sticky":false,"template":"","format":"standard","meta":{"_et_pb_use_builder":"off","_et_pb_old_content":"<!-- wp:heading {\"textColor\":\"vivid-red\"} -->\n<h2 class=\"wp-block-heading has-vivid-red-color has-text-color\"><strong>No et perdis la pr\u00f2xima trobada amb titulars d'oficina de farm\u00e0cia!<\/strong><\/h2>\n<!-- \/wp:heading -->\n\n<!-- wp:paragraph -->\n<p>La <strong>FEFAC<\/strong>, l\u2019entitat que representa exclusivament els interessos dels titulars d\u2019oficina de farm\u00e0cia de Catalunya, <strong>ha reunit aquest dijous  a Martinet de la Cerdanya a farmac\u00e8utiques i farmac\u00e8utics titulars d\u2019oficina de farm\u00e0cia de la zona<\/strong>, en una segona etapa del seu <strong>Tour pel territori catal\u00e0.<\/strong> En la sessi\u00f3 ha participat el<strong> farmac\u00e8utic i president de la FEFAC, Antoni Torres<\/strong>, fent un rep\u00e0s pel passat recent, present i futur de la farm\u00e0cia. Aquesta \u00e9s la segona parada del FEFAC on TOUR II. La primera va ser el passat 10 d'octubre a Terrassa, la segona va ser el 19 d'octubre a Amposta i la tercera el dilluns, 23 d'octubre a Santa Coloma de Farners. Tamb\u00e9 s'ha realitzat una trobada el 9 de novembre a Lleida, el 30 de novembre a Martinet de la Cerdanya i el 12 de desembre a Figueres. <\/p>\n<!-- \/wp:paragraph -->\n\n<!-- wp:paragraph -->\n<p>Antoni Torres ha detallat decisions i accions que demostren, per una banda, la import\u00e0ncia i necessitat de la FEFAC per <strong>defensar els interessos de les farm\u00e0cies en el seu vessant d'empresa <\/strong>que tributa impostos, paga n\u00f2mines i ha d'obtenir resultats econ\u00f2mics positius suficients per mantenir les inversions i la qualitat del servei. D'altra banda, <strong>accions i gestions de l'empresarial que han contribu\u00eft a canviar el sector i que demostren la for\u00e7a de la FEFAC<\/strong>. Tamb\u00e9 ha relatat els <strong>resultats estrat\u00e8gics de la xarxa de farm\u00e0cies assolits durant la Covid-19 i la situaci\u00f3 actual <\/strong>enfront de la nova realitat multicanal.<\/p>\n<!-- \/wp:paragraph -->\n\n<!-- wp:paragraph -->\n<p>Finalment, s'ha reflexionat sobre la <strong>import\u00e0ncia estrat\u00e8gica de ser soci i sumar esfor\u00e7os de cara als reptes presents i futurs<\/strong>, molt m\u00e9s enll\u00e0 incl\u00fas de la negociaci\u00f3 del conveni o els serveis que s\u2019ofereixen. <\/p>\n<!-- \/wp:paragraph -->\n\n<!-- wp:paragraph -->\n<p>\"Nom\u00e9s empreses unides, representades per empresarials amb valors clars i transparents, alineades amb la societat i el servei p\u00fablic-privat del nostre model d'ordenaci\u00f3 farmac\u00e8utica, poden fer front a les grans corporacions, empreses i fons que treballen per aconseguir espai de negoci en l\u00e0mbit de la farm\u00e0cia i la salut\", assegura Antoni Torres.<\/p>\n<!-- \/wp:paragraph -->\n\n<!-- wp:paragraph -->\n<p> Aix\u00ed mateix, s'ha donat resposta a totes les q\u00fcestions que han plantejat els assistents.<\/p>\n<!-- \/wp:paragraph -->\n\n<!-- wp:heading {\"level\":3} -->\n<h3 class=\"wp-block-heading\"><strong>Parades del primer FEFAC on TOUR 2022-2023<\/strong><\/h3>\n<!-- \/wp:heading -->\n\n<!-- wp:paragraph -->\n<p>A finals de 2022, l'empresarial va reunir-se amb farmac\u00e8utics titulars d'Olot, Manresa, Vic, Roses, Badalona, Girona, Tarragona i Tortosa. <\/p>\n<!-- \/wp:paragraph -->\n\n<!-- wp:paragraph -->\n<p>Aquest 2023 ja s'ha realitzat tamb\u00e9 una reuni\u00f3 a Sant Feliu de Gu\u00edxols, Terrassa, Reus, Martorell, Figueres, Lleida, Sant Feliu de Llobregat, Granollers, El Vendrell, l'Hospitalet de Llobregat, La Sagrera (Barcelona), Girona, Tarragona i Barcelona.<\/p>\n<!-- \/wp:paragraph -->\n\n<!-- wp:heading {\"level\":3} -->\n<h3 class=\"wp-block-heading\"><strong>Pr\u00f2ximes reunions 2023<\/strong><\/h3>\n<!-- \/wp:heading -->\n\n<!-- wp:paragraph -->\n<p>Si ets farmac\u00e8utic (soci o no soci) i est\u00e0s <strong>interessat a assistir<\/strong> a alguna de les<a href=\"https:\/\/fefac.cat\/empresarial\/fefac-on-tour-segon-trimestre-2023\/\" target=\"_blank\" rel=\"noreferrer noopener\"> <strong><em><span style=\"text-decoration: underline\">sessions gratu\u00eftes que FEFAC organitza arreu del territori, <\/span><\/em><\/strong><\/a>nom\u00e9s cal que envi\u00efs un<strong> correu electr\u00f2nic <\/strong>per reservar la teva pla\u00e7a a<strong> fefac@fefac.cat<\/strong> (indica nom i cognoms, n\u00famero d'oficina de farm\u00e0cia i tel\u00e8fon de contacte). Si tens dubtes, truca al <strong>93 323 24 22<\/strong><\/p>\n<!-- \/wp:paragraph -->\n\n<!-- wp:paragraph -->\n<p><\/p>\n<!-- \/wp:paragraph -->\n\n<!-- wp:embed {\"url\":\"https:\/\/fefac.cat\/empresarial\/fefac-on-tour-continua-calendari-de-proximes-reunions-amb-titulars-doficina-de-farmacia-de-catalunya\/\",\"type\":\"wp-embed\",\"providerNameSlug\":\"fefac\"} -->\n<figure class=\"wp-block-embed is-type-wp-embed is-provider-fefac wp-block-embed-fefac\"><div class=\"wp-block-embed__wrapper\">\nhttps:\/\/fefac.cat\/empresarial\/fefac-on-tour-continua-calendari-de-proximes-reunions-amb-titulars-doficina-de-farmacia-de-catalunya\/\n<\/div><\/figure>\n<!-- \/wp:embed -->","_et_gb_content_width":"","footnotes":""},"categories":[2066,10,11,12,13,14,15,294,2165,296,101],"tags":[3021],"class_list":["post-242221","post","type-post","status-publish","format-standard","has-post-thumbnail","hentry","category-categoria-actualitat","category-empresarials","category-fefac","category-afb","category-afet","category-afell","category-agfe","category-politica-sanitaria","category-proveidors","category-rsc","category-sanitaria","tag-farmadosis"],"yoast_head":"<!-- This site is optimized with the Yoast SEO plugin v27.4 - https:\/\/yoast.com\/product\/yoast-seo-wordpress\/ -->\n<title>Comunicaci\u00f3 a les oficines de farm\u00e0cia sobre l&#039;incident de seguretat de Farmadosis<\/title>\n<meta name=\"description\" content=\"En cas que h\u00e0giu rebut una notificaci\u00f3 per part de Farmadosis o per altres canals, o b\u00e9 hagueu detectat que la plataforma utilitzada per gestionar els robots d\u2019SPD es troba fora de servei des del passat 21 d\u2019abril, \u00e9s possible que la vostra oficina s\u2019hagi vist afectada per la bretxa de seguretat d\u2019aquest prove\u00efdor.\" \/>\n<meta name=\"robots\" content=\"index, follow, max-snippet:-1, max-image-preview:large, max-video-preview:-1\" \/>\n<link rel=\"canonical\" href=\"https:\/\/fefac.cat\/empresarial\/comunicacio-a-les-oficines-de-farmacia-sobre-lincident-de-seguretat-de-farmadosis\/\" \/>\n<meta property=\"og:locale\" content=\"ca_ES\" \/>\n<meta property=\"og:type\" content=\"article\" \/>\n<meta property=\"og:title\" content=\"Comunicaci\u00f3 a les oficines de farm\u00e0cia sobre l&#039;incident de seguretat de Farmadosis\" \/>\n<meta property=\"og:description\" content=\"En cas que h\u00e0giu rebut una notificaci\u00f3 per part de Farmadosis o per altres canals, o b\u00e9 hagueu detectat que la plataforma utilitzada per gestionar els robots d\u2019SPD es troba fora de servei des del passat 21 d\u2019abril, \u00e9s possible que la vostra oficina s\u2019hagi vist afectada per la bretxa de seguretat d\u2019aquest prove\u00efdor.\" \/>\n<meta property=\"og:url\" content=\"https:\/\/fefac.cat\/empresarial\/comunicacio-a-les-oficines-de-farmacia-sobre-lincident-de-seguretat-de-farmadosis\/\" \/>\n<meta property=\"og:site_name\" content=\"FEFAC\" \/>\n<meta property=\"article:published_time\" content=\"2026-04-24T14:32:25+00:00\" \/>\n<meta property=\"article:modified_time\" content=\"2026-04-24T14:33:53+00:00\" \/>\n<meta property=\"og:image\" content=\"https:\/\/fefac.cat\/empresarial\/wp-content\/uploads\/2020\/06\/logo-fefac-notis.jpg\" \/>\n\t<meta property=\"og:image:width\" content=\"230\" \/>\n\t<meta property=\"og:image:height\" content=\"160\" \/>\n\t<meta property=\"og:image:type\" content=\"image\/jpeg\" \/>\n<meta name=\"author\" content=\"lclavijo@afb.cat\" \/>\n<meta name=\"twitter:card\" content=\"summary_large_image\" \/>\n<meta name=\"twitter:label1\" content=\"Escrit per\" \/>\n\t<meta name=\"twitter:data1\" content=\"lclavijo@afb.cat\" \/>\n\t<meta name=\"twitter:label2\" content=\"Temps estimat de lectura\" \/>\n\t<meta name=\"twitter:data2\" content=\"2 minuts\" \/>\n<script type=\"application\/ld+json\" class=\"yoast-schema-graph\">{\"@context\":\"https:\\\/\\\/schema.org\",\"@graph\":[{\"@type\":\"Article\",\"@id\":\"https:\\\/\\\/fefac.cat\\\/empresarial\\\/comunicacio-a-les-oficines-de-farmacia-sobre-lincident-de-seguretat-de-farmadosis\\\/#article\",\"isPartOf\":{\"@id\":\"https:\\\/\\\/fefac.cat\\\/empresarial\\\/comunicacio-a-les-oficines-de-farmacia-sobre-lincident-de-seguretat-de-farmadosis\\\/\"},\"author\":{\"name\":\"lclavijo@afb.cat\",\"@id\":\"https:\\\/\\\/fefac.cat\\\/empresarial\\\/#\\\/schema\\\/person\\\/6ac15c94fb359972b6bfa9c752486744\"},\"headline\":\"Comunicaci\u00f3 a les oficines de farm\u00e0cia sobre l&#8217;incident de seguretat de Farmadosis\",\"datePublished\":\"2026-04-24T14:32:25+00:00\",\"dateModified\":\"2026-04-24T14:33:53+00:00\",\"mainEntityOfPage\":{\"@id\":\"https:\\\/\\\/fefac.cat\\\/empresarial\\\/comunicacio-a-les-oficines-de-farmacia-sobre-lincident-de-seguretat-de-farmadosis\\\/\"},\"wordCount\":302,\"commentCount\":0,\"image\":{\"@id\":\"https:\\\/\\\/fefac.cat\\\/empresarial\\\/comunicacio-a-les-oficines-de-farmacia-sobre-lincident-de-seguretat-de-farmadosis\\\/#primaryimage\"},\"thumbnailUrl\":\"https:\\\/\\\/fefac.cat\\\/empresarial\\\/wp-content\\\/uploads\\\/2020\\\/06\\\/logo-fefac-notis.jpg\",\"keywords\":[\"farmadosis\"],\"articleSection\":[\"Actualitat\",\"Empresarials\",\"FEFAC\",\"AFB\",\"AFET\",\"AFELL\",\"AGFE\",\"Pol\u00edtica sanit\u00e0ria\",\"Prove\u00efdors\",\"RSC\",\"Sanit\u00e0ria\"],\"inLanguage\":\"ca\",\"potentialAction\":[{\"@type\":\"CommentAction\",\"name\":\"Comment\",\"target\":[\"https:\\\/\\\/fefac.cat\\\/empresarial\\\/comunicacio-a-les-oficines-de-farmacia-sobre-lincident-de-seguretat-de-farmadosis\\\/#respond\"]}]},{\"@type\":\"WebPage\",\"@id\":\"https:\\\/\\\/fefac.cat\\\/empresarial\\\/comunicacio-a-les-oficines-de-farmacia-sobre-lincident-de-seguretat-de-farmadosis\\\/\",\"url\":\"https:\\\/\\\/fefac.cat\\\/empresarial\\\/comunicacio-a-les-oficines-de-farmacia-sobre-lincident-de-seguretat-de-farmadosis\\\/\",\"name\":\"Comunicaci\u00f3 a les oficines de farm\u00e0cia sobre l'incident de seguretat de Farmadosis\",\"isPartOf\":{\"@id\":\"https:\\\/\\\/fefac.cat\\\/empresarial\\\/#website\"},\"primaryImageOfPage\":{\"@id\":\"https:\\\/\\\/fefac.cat\\\/empresarial\\\/comunicacio-a-les-oficines-de-farmacia-sobre-lincident-de-seguretat-de-farmadosis\\\/#primaryimage\"},\"image\":{\"@id\":\"https:\\\/\\\/fefac.cat\\\/empresarial\\\/comunicacio-a-les-oficines-de-farmacia-sobre-lincident-de-seguretat-de-farmadosis\\\/#primaryimage\"},\"thumbnailUrl\":\"https:\\\/\\\/fefac.cat\\\/empresarial\\\/wp-content\\\/uploads\\\/2020\\\/06\\\/logo-fefac-notis.jpg\",\"datePublished\":\"2026-04-24T14:32:25+00:00\",\"dateModified\":\"2026-04-24T14:33:53+00:00\",\"author\":{\"@id\":\"https:\\\/\\\/fefac.cat\\\/empresarial\\\/#\\\/schema\\\/person\\\/6ac15c94fb359972b6bfa9c752486744\"},\"description\":\"En cas que h\u00e0giu rebut una notificaci\u00f3 per part de Farmadosis o per altres canals, o b\u00e9 hagueu detectat que la plataforma utilitzada per gestionar els robots d\u2019SPD es troba fora de servei des del passat 21 d\u2019abril, \u00e9s possible que la vostra oficina s\u2019hagi vist afectada per la bretxa de seguretat d\u2019aquest prove\u00efdor.\",\"breadcrumb\":{\"@id\":\"https:\\\/\\\/fefac.cat\\\/empresarial\\\/comunicacio-a-les-oficines-de-farmacia-sobre-lincident-de-seguretat-de-farmadosis\\\/#breadcrumb\"},\"inLanguage\":\"ca\",\"potentialAction\":[{\"@type\":\"ReadAction\",\"target\":[\"https:\\\/\\\/fefac.cat\\\/empresarial\\\/comunicacio-a-les-oficines-de-farmacia-sobre-lincident-de-seguretat-de-farmadosis\\\/\"]}]},{\"@type\":\"ImageObject\",\"inLanguage\":\"ca\",\"@id\":\"https:\\\/\\\/fefac.cat\\\/empresarial\\\/comunicacio-a-les-oficines-de-farmacia-sobre-lincident-de-seguretat-de-farmadosis\\\/#primaryimage\",\"url\":\"https:\\\/\\\/fefac.cat\\\/empresarial\\\/wp-content\\\/uploads\\\/2020\\\/06\\\/logo-fefac-notis.jpg\",\"contentUrl\":\"https:\\\/\\\/fefac.cat\\\/empresarial\\\/wp-content\\\/uploads\\\/2020\\\/06\\\/logo-fefac-notis.jpg\",\"width\":230,\"height\":160},{\"@type\":\"BreadcrumbList\",\"@id\":\"https:\\\/\\\/fefac.cat\\\/empresarial\\\/comunicacio-a-les-oficines-de-farmacia-sobre-lincident-de-seguretat-de-farmadosis\\\/#breadcrumb\",\"itemListElement\":[{\"@type\":\"ListItem\",\"position\":1,\"name\":\"Home\",\"item\":\"https:\\\/\\\/fefac.cat\\\/empresarial\\\/\"},{\"@type\":\"ListItem\",\"position\":2,\"name\":\"Comunicaci\u00f3 a les oficines de farm\u00e0cia sobre l&#8217;incident de seguretat de Farmadosis\"}]},{\"@type\":\"WebSite\",\"@id\":\"https:\\\/\\\/fefac.cat\\\/empresarial\\\/#website\",\"url\":\"https:\\\/\\\/fefac.cat\\\/empresarial\\\/\",\"name\":\"FEFAC\",\"description\":\"Federaci\u00f3 d&#039;Associacions de Farm\u00e0cies de Catalunya\",\"potentialAction\":[{\"@type\":\"SearchAction\",\"target\":{\"@type\":\"EntryPoint\",\"urlTemplate\":\"https:\\\/\\\/fefac.cat\\\/empresarial\\\/?s={search_term_string}\"},\"query-input\":{\"@type\":\"PropertyValueSpecification\",\"valueRequired\":true,\"valueName\":\"search_term_string\"}}],\"inLanguage\":\"ca\"},{\"@type\":\"Person\",\"@id\":\"https:\\\/\\\/fefac.cat\\\/empresarial\\\/#\\\/schema\\\/person\\\/6ac15c94fb359972b6bfa9c752486744\",\"name\":\"lclavijo@afb.cat\",\"url\":\"https:\\\/\\\/fefac.cat\\\/empresarial\\\/author\\\/laura-2\\\/\"}]}<\/script>\n<!-- \/ Yoast SEO plugin. -->","yoast_head_json":{"title":"Comunicaci\u00f3 a les oficines de farm\u00e0cia sobre l'incident de seguretat de Farmadosis","description":"En cas que h\u00e0giu rebut una notificaci\u00f3 per part de Farmadosis o per altres canals, o b\u00e9 hagueu detectat que la plataforma utilitzada per gestionar els robots d\u2019SPD es troba fora de servei des del passat 21 d\u2019abril, \u00e9s possible que la vostra oficina s\u2019hagi vist afectada per la bretxa de seguretat d\u2019aquest prove\u00efdor.","robots":{"index":"index","follow":"follow","max-snippet":"max-snippet:-1","max-image-preview":"max-image-preview:large","max-video-preview":"max-video-preview:-1"},"canonical":"https:\/\/fefac.cat\/empresarial\/comunicacio-a-les-oficines-de-farmacia-sobre-lincident-de-seguretat-de-farmadosis\/","og_locale":"ca_ES","og_type":"article","og_title":"Comunicaci\u00f3 a les oficines de farm\u00e0cia sobre l'incident de seguretat de Farmadosis","og_description":"En cas que h\u00e0giu rebut una notificaci\u00f3 per part de Farmadosis o per altres canals, o b\u00e9 hagueu detectat que la plataforma utilitzada per gestionar els robots d\u2019SPD es troba fora de servei des del passat 21 d\u2019abril, \u00e9s possible que la vostra oficina s\u2019hagi vist afectada per la bretxa de seguretat d\u2019aquest prove\u00efdor.","og_url":"https:\/\/fefac.cat\/empresarial\/comunicacio-a-les-oficines-de-farmacia-sobre-lincident-de-seguretat-de-farmadosis\/","og_site_name":"FEFAC","article_published_time":"2026-04-24T14:32:25+00:00","article_modified_time":"2026-04-24T14:33:53+00:00","og_image":[{"width":230,"height":160,"url":"https:\/\/fefac.cat\/empresarial\/wp-content\/uploads\/2020\/06\/logo-fefac-notis.jpg","type":"image\/jpeg"}],"author":"lclavijo@afb.cat","twitter_card":"summary_large_image","twitter_misc":{"Escrit per":"lclavijo@afb.cat","Temps estimat de lectura":"2 minuts"},"schema":{"@context":"https:\/\/schema.org","@graph":[{"@type":"Article","@id":"https:\/\/fefac.cat\/empresarial\/comunicacio-a-les-oficines-de-farmacia-sobre-lincident-de-seguretat-de-farmadosis\/#article","isPartOf":{"@id":"https:\/\/fefac.cat\/empresarial\/comunicacio-a-les-oficines-de-farmacia-sobre-lincident-de-seguretat-de-farmadosis\/"},"author":{"name":"lclavijo@afb.cat","@id":"https:\/\/fefac.cat\/empresarial\/#\/schema\/person\/6ac15c94fb359972b6bfa9c752486744"},"headline":"Comunicaci\u00f3 a les oficines de farm\u00e0cia sobre l&#8217;incident de seguretat de Farmadosis","datePublished":"2026-04-24T14:32:25+00:00","dateModified":"2026-04-24T14:33:53+00:00","mainEntityOfPage":{"@id":"https:\/\/fefac.cat\/empresarial\/comunicacio-a-les-oficines-de-farmacia-sobre-lincident-de-seguretat-de-farmadosis\/"},"wordCount":302,"commentCount":0,"image":{"@id":"https:\/\/fefac.cat\/empresarial\/comunicacio-a-les-oficines-de-farmacia-sobre-lincident-de-seguretat-de-farmadosis\/#primaryimage"},"thumbnailUrl":"https:\/\/fefac.cat\/empresarial\/wp-content\/uploads\/2020\/06\/logo-fefac-notis.jpg","keywords":["farmadosis"],"articleSection":["Actualitat","Empresarials","FEFAC","AFB","AFET","AFELL","AGFE","Pol\u00edtica sanit\u00e0ria","Prove\u00efdors","RSC","Sanit\u00e0ria"],"inLanguage":"ca","potentialAction":[{"@type":"CommentAction","name":"Comment","target":["https:\/\/fefac.cat\/empresarial\/comunicacio-a-les-oficines-de-farmacia-sobre-lincident-de-seguretat-de-farmadosis\/#respond"]}]},{"@type":"WebPage","@id":"https:\/\/fefac.cat\/empresarial\/comunicacio-a-les-oficines-de-farmacia-sobre-lincident-de-seguretat-de-farmadosis\/","url":"https:\/\/fefac.cat\/empresarial\/comunicacio-a-les-oficines-de-farmacia-sobre-lincident-de-seguretat-de-farmadosis\/","name":"Comunicaci\u00f3 a les oficines de farm\u00e0cia sobre l'incident de seguretat de Farmadosis","isPartOf":{"@id":"https:\/\/fefac.cat\/empresarial\/#website"},"primaryImageOfPage":{"@id":"https:\/\/fefac.cat\/empresarial\/comunicacio-a-les-oficines-de-farmacia-sobre-lincident-de-seguretat-de-farmadosis\/#primaryimage"},"image":{"@id":"https:\/\/fefac.cat\/empresarial\/comunicacio-a-les-oficines-de-farmacia-sobre-lincident-de-seguretat-de-farmadosis\/#primaryimage"},"thumbnailUrl":"https:\/\/fefac.cat\/empresarial\/wp-content\/uploads\/2020\/06\/logo-fefac-notis.jpg","datePublished":"2026-04-24T14:32:25+00:00","dateModified":"2026-04-24T14:33:53+00:00","author":{"@id":"https:\/\/fefac.cat\/empresarial\/#\/schema\/person\/6ac15c94fb359972b6bfa9c752486744"},"description":"En cas que h\u00e0giu rebut una notificaci\u00f3 per part de Farmadosis o per altres canals, o b\u00e9 hagueu detectat que la plataforma utilitzada per gestionar els robots d\u2019SPD es troba fora de servei des del passat 21 d\u2019abril, \u00e9s possible que la vostra oficina s\u2019hagi vist afectada per la bretxa de seguretat d\u2019aquest prove\u00efdor.","breadcrumb":{"@id":"https:\/\/fefac.cat\/empresarial\/comunicacio-a-les-oficines-de-farmacia-sobre-lincident-de-seguretat-de-farmadosis\/#breadcrumb"},"inLanguage":"ca","potentialAction":[{"@type":"ReadAction","target":["https:\/\/fefac.cat\/empresarial\/comunicacio-a-les-oficines-de-farmacia-sobre-lincident-de-seguretat-de-farmadosis\/"]}]},{"@type":"ImageObject","inLanguage":"ca","@id":"https:\/\/fefac.cat\/empresarial\/comunicacio-a-les-oficines-de-farmacia-sobre-lincident-de-seguretat-de-farmadosis\/#primaryimage","url":"https:\/\/fefac.cat\/empresarial\/wp-content\/uploads\/2020\/06\/logo-fefac-notis.jpg","contentUrl":"https:\/\/fefac.cat\/empresarial\/wp-content\/uploads\/2020\/06\/logo-fefac-notis.jpg","width":230,"height":160},{"@type":"BreadcrumbList","@id":"https:\/\/fefac.cat\/empresarial\/comunicacio-a-les-oficines-de-farmacia-sobre-lincident-de-seguretat-de-farmadosis\/#breadcrumb","itemListElement":[{"@type":"ListItem","position":1,"name":"Home","item":"https:\/\/fefac.cat\/empresarial\/"},{"@type":"ListItem","position":2,"name":"Comunicaci\u00f3 a les oficines de farm\u00e0cia sobre l&#8217;incident de seguretat de Farmadosis"}]},{"@type":"WebSite","@id":"https:\/\/fefac.cat\/empresarial\/#website","url":"https:\/\/fefac.cat\/empresarial\/","name":"FEFAC","description":"Federaci\u00f3 d&#039;Associacions de Farm\u00e0cies de Catalunya","potentialAction":[{"@type":"SearchAction","target":{"@type":"EntryPoint","urlTemplate":"https:\/\/fefac.cat\/empresarial\/?s={search_term_string}"},"query-input":{"@type":"PropertyValueSpecification","valueRequired":true,"valueName":"search_term_string"}}],"inLanguage":"ca"},{"@type":"Person","@id":"https:\/\/fefac.cat\/empresarial\/#\/schema\/person\/6ac15c94fb359972b6bfa9c752486744","name":"lclavijo@afb.cat","url":"https:\/\/fefac.cat\/empresarial\/author\/laura-2\/"}]}},"_links":{"self":[{"href":"https:\/\/fefac.cat\/empresarial\/wp-json\/wp\/v2\/posts\/242221","targetHints":{"allow":["GET"]}}],"collection":[{"href":"https:\/\/fefac.cat\/empresarial\/wp-json\/wp\/v2\/posts"}],"about":[{"href":"https:\/\/fefac.cat\/empresarial\/wp-json\/wp\/v2\/types\/post"}],"author":[{"embeddable":true,"href":"https:\/\/fefac.cat\/empresarial\/wp-json\/wp\/v2\/users\/2313"}],"replies":[{"embeddable":true,"href":"https:\/\/fefac.cat\/empresarial\/wp-json\/wp\/v2\/comments?post=242221"}],"version-history":[{"count":1,"href":"https:\/\/fefac.cat\/empresarial\/wp-json\/wp\/v2\/posts\/242221\/revisions"}],"predecessor-version":[{"id":242222,"href":"https:\/\/fefac.cat\/empresarial\/wp-json\/wp\/v2\/posts\/242221\/revisions\/242222"}],"wp:featuredmedia":[{"embeddable":true,"href":"https:\/\/fefac.cat\/empresarial\/wp-json\/wp\/v2\/media\/224377"}],"wp:attachment":[{"href":"https:\/\/fefac.cat\/empresarial\/wp-json\/wp\/v2\/media?parent=242221"}],"wp:term":[{"taxonomy":"category","embeddable":true,"href":"https:\/\/fefac.cat\/empresarial\/wp-json\/wp\/v2\/categories?post=242221"},{"taxonomy":"post_tag","embeddable":true,"href":"https:\/\/fefac.cat\/empresarial\/wp-json\/wp\/v2\/tags?post=242221"}],"curies":[{"name":"wp","href":"https:\/\/api.w.org\/{rel}","templated":true}]}}