{"id":242224,"date":"2026-04-24T18:49:27","date_gmt":"2026-04-24T16:49:27","guid":{"rendered":"https:\/\/fefac.cat\/empresarial\/?p=242224"},"modified":"2026-04-24T18:49:35","modified_gmt":"2026-04-24T16:49:35","slug":"la-patronal-de-farmacies-reclama-mesures-urgents-per-protegir-la-cadena-del-medicament-com-a-infraestructura-critica-i-garantir-lacces-dels-pacients","status":"publish","type":"post","link":"https:\/\/fefac.cat\/empresarial\/la-patronal-de-farmacies-reclama-mesures-urgents-per-protegir-la-cadena-del-medicament-com-a-infraestructura-critica-i-garantir-lacces-dels-pacients\/","title":{"rendered":"La patronal de farm\u00e0cies reclama mesures urgents per protegir la cadena del medicament com a infraestructura cr\u00edtica i garantir l&#8217;acc\u00e9s dels pacients"},"content":{"rendered":"\n<p>Barcelona. 24\/04\/2026. La Federaci\u00f3 d\u2019Associacions de Farm\u00e0cies de Catalunya (FEFAC), en coordinaci\u00f3 amb l\u2019ecosistema empresarial representat per PIMEC, ha expressat la seva preocupaci\u00f3 davant l\u2019impacte que l\u2019actual crisi geopol\u00edtica internacional pot tenir en la continu\u00eftat del subministrament de medicaments a Catalunya i al conjunt d\u2019Espanya, especialment per la seva incid\u00e8ncia en els mercats energ\u00e8tics i log\u00edstics.<\/p>\n\n\n\n<p>La xarxa de distribuci\u00f3 farmac\u00e8utica i les oficines de farm\u00e0cia constitueixen una infraestructura sanit\u00e0ria cr\u00edtica que garanteix l\u2019acc\u00e9s equitatiu, continu i segur als medicaments per a tota la poblaci\u00f3. Aquest model, basat en la proximitat i la capil\u00b7laritat territorial, permet donar cobertura efectiva i eficient a pr\u00e0cticament tota la ciutadania, incloses les zones rurals i de baixa densitat.<\/p>\n\n\n\n<p>La FEFAC adverteix que l\u2019increment sostingut dels costos energ\u00e8tics i log\u00edstics, aix\u00ed com eventuals mesures de restricci\u00f3 en l\u2019acc\u00e9s a combustibles o energia, poden afectar directament el funcionament normal d\u2019aquesta xarxa. La cadena del medicament \u2014des de la distribuci\u00f3 fins a la dispensaci\u00f3 a la farm\u00e0cia\u2014 dep\u00e8n de manera estructural de l\u2019energia per garantir l\u2019emmagatzematge, la tra\u00e7abilitat i el lliurament diari en condicions de seguretat.<\/p>\n\n\n\n<p>A aquesta situaci\u00f3 s\u2019hi suma una limitaci\u00f3 estructural del model: els preus dels medicaments i els marges de la cadena estan fortament regulats, fet que impedeix traslladar els increments de costos i posa en risc la sostenibilitat econ\u00f2mica del sistema.<\/p>\n\n\n\n<p>Davant d\u2019aquest escenari, FEFAC reclama mesures urgents i espec\u00edfiques:<\/p>\n\n\n\n<ul class=\"wp-block-list\">\n<li>El reconeixement formal de la distribuci\u00f3 farmac\u00e8utica i la xarxa de farm\u00e0cies com a serveis essencials i infraestructures cr\u00edtiques, amb l\u2019exclusi\u00f3 de qualsevol possible mesura de racionament energ\u00e8tic o de combustibles.<\/li>\n\n\n\n<li>L\u2019establiment de mecanismes extraordinaris de suport econ\u00f2mic per compensar l\u2019increment de costos energ\u00e8tics i log\u00edstics.<\/li>\n\n\n\n<li>La incorporaci\u00f3 de la cadena del medicament en els plans de resili\u00e8ncia i gesti\u00f3 de crisis.<\/li>\n\n\n\n<li>L\u2019impuls d\u2019un model m\u00e9s robust i sostenible que garanteixi la viabilitat i solv\u00e8ncia econ\u00f2mica de les farm\u00e0cies com a microempreses sanit\u00e0ries i l\u2019equitat territorial.<\/li>\n<\/ul>\n\n\n\n<p>La FEFAC subratlla que la resili\u00e8ncia sanit\u00e0ria no dep\u00e8n nom\u00e9s de la capacitat de producci\u00f3, sin\u00f3 tamb\u00e9 de la solidesa de la xarxa de distribuci\u00f3 i dispensaci\u00f3. \u201cProtegir aquesta xarxa \u00e9s protegir l\u2019acc\u00e9s real dels pacients als medicaments\u201d, remarca Ana Quintilla, presidenta de l&#8217;Associaci\u00f3 de Farm\u00e0cies de Barcelona i vicepresidenta de la FEFAC.<\/p>\n\n\n\n<p>L\u2019entitat reitera la seva disposici\u00f3 a col\u00b7laborar amb les administracions p\u00fabliques per refor\u00e7ar la sostenibilitat, l\u2019efici\u00e8ncia i la capacitat de resposta del sistema farmac\u00e8utic davant els reptes actuals i futurs.<\/p>\n","protected":false},"excerpt":{"rendered":"<p>Barcelona. 24\/04\/2026. La Federaci\u00f3 d\u2019Associacions de Farm\u00e0cies de Catalunya (FEFAC), en coordinaci\u00f3 amb l\u2019ecosistema empresarial representat per PIMEC, ha expressat la seva preocupaci\u00f3 davant l\u2019impacte que l\u2019actual crisi geopol\u00edtica internacional pot tenir en la continu\u00eftat del subministrament de medicaments a Catalunya i al conjunt d\u2019Espanya, especialment per la seva incid\u00e8ncia en els mercats energ\u00e8tics i log\u00edstics.<\/p>\n","protected":false},"author":2313,"featured_media":224377,"comment_status":"open","ping_status":"open","sticky":false,"template":"","format":"standard","meta":{"_et_pb_use_builder":"off","_et_pb_old_content":"<!-- wp:heading {\"textColor\":\"vivid-red\"} -->\n<h2 class=\"wp-block-heading has-vivid-red-color has-text-color\"><strong>No et perdis la pr\u00f2xima trobada amb titulars d'oficina de farm\u00e0cia!<\/strong><\/h2>\n<!-- \/wp:heading -->\n\n<!-- wp:paragraph -->\n<p>La <strong>FEFAC<\/strong>, l\u2019entitat que representa exclusivament els interessos dels titulars d\u2019oficina de farm\u00e0cia de Catalunya, <strong>ha reunit aquest dijous  a Martinet de la Cerdanya a farmac\u00e8utiques i farmac\u00e8utics titulars d\u2019oficina de farm\u00e0cia de la zona<\/strong>, en una segona etapa del seu <strong>Tour pel territori catal\u00e0.<\/strong> En la sessi\u00f3 ha participat el<strong> farmac\u00e8utic i president de la FEFAC, Antoni Torres<\/strong>, fent un rep\u00e0s pel passat recent, present i futur de la farm\u00e0cia. Aquesta \u00e9s la segona parada del FEFAC on TOUR II. La primera va ser el passat 10 d'octubre a Terrassa, la segona va ser el 19 d'octubre a Amposta i la tercera el dilluns, 23 d'octubre a Santa Coloma de Farners. Tamb\u00e9 s'ha realitzat una trobada el 9 de novembre a Lleida, el 30 de novembre a Martinet de la Cerdanya i el 12 de desembre a Figueres. <\/p>\n<!-- \/wp:paragraph -->\n\n<!-- wp:paragraph -->\n<p>Antoni Torres ha detallat decisions i accions que demostren, per una banda, la import\u00e0ncia i necessitat de la FEFAC per <strong>defensar els interessos de les farm\u00e0cies en el seu vessant d'empresa <\/strong>que tributa impostos, paga n\u00f2mines i ha d'obtenir resultats econ\u00f2mics positius suficients per mantenir les inversions i la qualitat del servei. D'altra banda, <strong>accions i gestions de l'empresarial que han contribu\u00eft a canviar el sector i que demostren la for\u00e7a de la FEFAC<\/strong>. Tamb\u00e9 ha relatat els <strong>resultats estrat\u00e8gics de la xarxa de farm\u00e0cies assolits durant la Covid-19 i la situaci\u00f3 actual <\/strong>enfront de la nova realitat multicanal.<\/p>\n<!-- \/wp:paragraph -->\n\n<!-- wp:paragraph -->\n<p>Finalment, s'ha reflexionat sobre la <strong>import\u00e0ncia estrat\u00e8gica de ser soci i sumar esfor\u00e7os de cara als reptes presents i futurs<\/strong>, molt m\u00e9s enll\u00e0 incl\u00fas de la negociaci\u00f3 del conveni o els serveis que s\u2019ofereixen. <\/p>\n<!-- \/wp:paragraph -->\n\n<!-- wp:paragraph -->\n<p>\"Nom\u00e9s empreses unides, representades per empresarials amb valors clars i transparents, alineades amb la societat i el servei p\u00fablic-privat del nostre model d'ordenaci\u00f3 farmac\u00e8utica, poden fer front a les grans corporacions, empreses i fons que treballen per aconseguir espai de negoci en l\u00e0mbit de la farm\u00e0cia i la salut\", assegura Antoni Torres.<\/p>\n<!-- \/wp:paragraph -->\n\n<!-- wp:paragraph -->\n<p> Aix\u00ed mateix, s'ha donat resposta a totes les q\u00fcestions que han plantejat els assistents.<\/p>\n<!-- \/wp:paragraph -->\n\n<!-- wp:heading {\"level\":3} -->\n<h3 class=\"wp-block-heading\"><strong>Parades del primer FEFAC on TOUR 2022-2023<\/strong><\/h3>\n<!-- \/wp:heading -->\n\n<!-- wp:paragraph -->\n<p>A finals de 2022, l'empresarial va reunir-se amb farmac\u00e8utics titulars d'Olot, Manresa, Vic, Roses, Badalona, Girona, Tarragona i Tortosa. <\/p>\n<!-- \/wp:paragraph -->\n\n<!-- wp:paragraph -->\n<p>Aquest 2023 ja s'ha realitzat tamb\u00e9 una reuni\u00f3 a Sant Feliu de Gu\u00edxols, Terrassa, Reus, Martorell, Figueres, Lleida, Sant Feliu de Llobregat, Granollers, El Vendrell, l'Hospitalet de Llobregat, La Sagrera (Barcelona), Girona, Tarragona i Barcelona.<\/p>\n<!-- \/wp:paragraph -->\n\n<!-- wp:heading {\"level\":3} -->\n<h3 class=\"wp-block-heading\"><strong>Pr\u00f2ximes reunions 2023<\/strong><\/h3>\n<!-- \/wp:heading -->\n\n<!-- wp:paragraph -->\n<p>Si ets farmac\u00e8utic (soci o no soci) i est\u00e0s <strong>interessat a assistir<\/strong> a alguna de les<a href=\"https:\/\/fefac.cat\/empresarial\/fefac-on-tour-segon-trimestre-2023\/\" target=\"_blank\" rel=\"noreferrer noopener\"> <strong><em><span style=\"text-decoration: underline\">sessions gratu\u00eftes que FEFAC organitza arreu del territori, <\/span><\/em><\/strong><\/a>nom\u00e9s cal que envi\u00efs un<strong> correu electr\u00f2nic <\/strong>per reservar la teva pla\u00e7a a<strong> fefac@fefac.cat<\/strong> (indica nom i cognoms, n\u00famero d'oficina de farm\u00e0cia i tel\u00e8fon de contacte). Si tens dubtes, truca al <strong>93 323 24 22<\/strong><\/p>\n<!-- \/wp:paragraph -->\n\n<!-- wp:paragraph -->\n<p><\/p>\n<!-- \/wp:paragraph -->\n\n<!-- wp:embed {\"url\":\"https:\/\/fefac.cat\/empresarial\/fefac-on-tour-continua-calendari-de-proximes-reunions-amb-titulars-doficina-de-farmacia-de-catalunya\/\",\"type\":\"wp-embed\",\"providerNameSlug\":\"fefac\"} -->\n<figure class=\"wp-block-embed is-type-wp-embed is-provider-fefac wp-block-embed-fefac\"><div class=\"wp-block-embed__wrapper\">\nhttps:\/\/fefac.cat\/empresarial\/fefac-on-tour-continua-calendari-de-proximes-reunions-amb-titulars-doficina-de-farmacia-de-catalunya\/\n<\/div><\/figure>\n<!-- \/wp:embed -->","_et_gb_content_width":"","footnotes":""},"categories":[2066,2067,10,11,12,13,14,15,294,101],"tags":[85,136,711,2492],"class_list":["post-242224","post","type-post","status-publish","format-standard","has-post-thumbnail","hentry","category-categoria-actualitat","category-notes-premsa","category-empresarials","category-fefac","category-afb","category-afet","category-afell","category-agfe","category-politica-sanitaria","category-sanitaria","tag-fefac","tag-medicaments","tag-farmaceutics","tag-desabastiments"],"yoast_head":"<!-- This site is optimized with the Yoast SEO plugin v27.4 - https:\/\/yoast.com\/product\/yoast-seo-wordpress\/ -->\n<title>La patronal de farm\u00e0cies reclama mesures urgents per protegir la cadena del medicament com a infraestructura cr\u00edtica i garantir l&#039;acc\u00e9s dels pacients<\/title>\n<meta name=\"description\" content=\"Barcelona. 24\/04\/2026. La Federaci\u00f3 d\u2019Associacions de Farm\u00e0cies de Catalunya (FEFAC), en coordinaci\u00f3 amb l\u2019ecosistema empresarial representat per PIMEC, ha expressat la seva preocupaci\u00f3 davant l\u2019impacte que l\u2019actual crisi geopol\u00edtica internacional pot tenir en la continu\u00eftat del subministrament de medicaments a Catalunya i al conjunt d\u2019Espanya, especialment per la seva incid\u00e8ncia en els mercats energ\u00e8tics i log\u00edstics.\" \/>\n<meta name=\"robots\" content=\"index, follow, max-snippet:-1, max-image-preview:large, max-video-preview:-1\" \/>\n<link rel=\"canonical\" href=\"https:\/\/fefac.cat\/empresarial\/la-patronal-de-farmacies-reclama-mesures-urgents-per-protegir-la-cadena-del-medicament-com-a-infraestructura-critica-i-garantir-lacces-dels-pacients\/\" \/>\n<meta property=\"og:locale\" content=\"ca_ES\" \/>\n<meta property=\"og:type\" content=\"article\" \/>\n<meta property=\"og:title\" content=\"La patronal de farm\u00e0cies reclama mesures urgents per protegir la cadena del medicament com a infraestructura cr\u00edtica i garantir l&#039;acc\u00e9s dels pacients\" \/>\n<meta property=\"og:description\" content=\"Barcelona. 24\/04\/2026. La Federaci\u00f3 d\u2019Associacions de Farm\u00e0cies de Catalunya (FEFAC), en coordinaci\u00f3 amb l\u2019ecosistema empresarial representat per PIMEC, ha expressat la seva preocupaci\u00f3 davant l\u2019impacte que l\u2019actual crisi geopol\u00edtica internacional pot tenir en la continu\u00eftat del subministrament de medicaments a Catalunya i al conjunt d\u2019Espanya, especialment per la seva incid\u00e8ncia en els mercats energ\u00e8tics i log\u00edstics.\" \/>\n<meta property=\"og:url\" content=\"https:\/\/fefac.cat\/empresarial\/la-patronal-de-farmacies-reclama-mesures-urgents-per-protegir-la-cadena-del-medicament-com-a-infraestructura-critica-i-garantir-lacces-dels-pacients\/\" \/>\n<meta property=\"og:site_name\" content=\"FEFAC\" \/>\n<meta property=\"article:published_time\" content=\"2026-04-24T16:49:27+00:00\" \/>\n<meta property=\"article:modified_time\" content=\"2026-04-24T16:49:35+00:00\" \/>\n<meta property=\"og:image\" content=\"https:\/\/fefac.cat\/empresarial\/wp-content\/uploads\/2020\/06\/logo-fefac-notis.jpg\" \/>\n\t<meta property=\"og:image:width\" content=\"230\" \/>\n\t<meta property=\"og:image:height\" content=\"160\" \/>\n\t<meta property=\"og:image:type\" content=\"image\/jpeg\" \/>\n<meta name=\"author\" content=\"lclavijo@afb.cat\" \/>\n<meta name=\"twitter:card\" content=\"summary_large_image\" \/>\n<meta name=\"twitter:label1\" content=\"Escrit per\" \/>\n\t<meta name=\"twitter:data1\" content=\"lclavijo@afb.cat\" \/>\n\t<meta name=\"twitter:label2\" content=\"Temps estimat de lectura\" \/>\n\t<meta name=\"twitter:data2\" content=\"3 minuts\" \/>\n<script type=\"application\/ld+json\" class=\"yoast-schema-graph\">{\"@context\":\"https:\\\/\\\/schema.org\",\"@graph\":[{\"@type\":\"Article\",\"@id\":\"https:\\\/\\\/fefac.cat\\\/empresarial\\\/la-patronal-de-farmacies-reclama-mesures-urgents-per-protegir-la-cadena-del-medicament-com-a-infraestructura-critica-i-garantir-lacces-dels-pacients\\\/#article\",\"isPartOf\":{\"@id\":\"https:\\\/\\\/fefac.cat\\\/empresarial\\\/la-patronal-de-farmacies-reclama-mesures-urgents-per-protegir-la-cadena-del-medicament-com-a-infraestructura-critica-i-garantir-lacces-dels-pacients\\\/\"},\"author\":{\"name\":\"lclavijo@afb.cat\",\"@id\":\"https:\\\/\\\/fefac.cat\\\/empresarial\\\/#\\\/schema\\\/person\\\/6ac15c94fb359972b6bfa9c752486744\"},\"headline\":\"La patronal de farm\u00e0cies reclama mesures urgents per protegir la cadena del medicament com a infraestructura cr\u00edtica i garantir l&#8217;acc\u00e9s dels pacients\",\"datePublished\":\"2026-04-24T16:49:27+00:00\",\"dateModified\":\"2026-04-24T16:49:35+00:00\",\"mainEntityOfPage\":{\"@id\":\"https:\\\/\\\/fefac.cat\\\/empresarial\\\/la-patronal-de-farmacies-reclama-mesures-urgents-per-protegir-la-cadena-del-medicament-com-a-infraestructura-critica-i-garantir-lacces-dels-pacients\\\/\"},\"wordCount\":490,\"commentCount\":0,\"image\":{\"@id\":\"https:\\\/\\\/fefac.cat\\\/empresarial\\\/la-patronal-de-farmacies-reclama-mesures-urgents-per-protegir-la-cadena-del-medicament-com-a-infraestructura-critica-i-garantir-lacces-dels-pacients\\\/#primaryimage\"},\"thumbnailUrl\":\"https:\\\/\\\/fefac.cat\\\/empresarial\\\/wp-content\\\/uploads\\\/2020\\\/06\\\/logo-fefac-notis.jpg\",\"keywords\":[\"FEFAC\",\"medicaments\",\"farmac\u00e8utics\",\"desabastiments\"],\"articleSection\":[\"Actualitat\",\"Notes de premsa\",\"Empresarials\",\"FEFAC\",\"AFB\",\"AFET\",\"AFELL\",\"AGFE\",\"Pol\u00edtica sanit\u00e0ria\",\"Sanit\u00e0ria\"],\"inLanguage\":\"ca\",\"potentialAction\":[{\"@type\":\"CommentAction\",\"name\":\"Comment\",\"target\":[\"https:\\\/\\\/fefac.cat\\\/empresarial\\\/la-patronal-de-farmacies-reclama-mesures-urgents-per-protegir-la-cadena-del-medicament-com-a-infraestructura-critica-i-garantir-lacces-dels-pacients\\\/#respond\"]}]},{\"@type\":\"WebPage\",\"@id\":\"https:\\\/\\\/fefac.cat\\\/empresarial\\\/la-patronal-de-farmacies-reclama-mesures-urgents-per-protegir-la-cadena-del-medicament-com-a-infraestructura-critica-i-garantir-lacces-dels-pacients\\\/\",\"url\":\"https:\\\/\\\/fefac.cat\\\/empresarial\\\/la-patronal-de-farmacies-reclama-mesures-urgents-per-protegir-la-cadena-del-medicament-com-a-infraestructura-critica-i-garantir-lacces-dels-pacients\\\/\",\"name\":\"La patronal de farm\u00e0cies reclama mesures urgents per protegir la cadena del medicament com a infraestructura cr\u00edtica i garantir l'acc\u00e9s dels pacients\",\"isPartOf\":{\"@id\":\"https:\\\/\\\/fefac.cat\\\/empresarial\\\/#website\"},\"primaryImageOfPage\":{\"@id\":\"https:\\\/\\\/fefac.cat\\\/empresarial\\\/la-patronal-de-farmacies-reclama-mesures-urgents-per-protegir-la-cadena-del-medicament-com-a-infraestructura-critica-i-garantir-lacces-dels-pacients\\\/#primaryimage\"},\"image\":{\"@id\":\"https:\\\/\\\/fefac.cat\\\/empresarial\\\/la-patronal-de-farmacies-reclama-mesures-urgents-per-protegir-la-cadena-del-medicament-com-a-infraestructura-critica-i-garantir-lacces-dels-pacients\\\/#primaryimage\"},\"thumbnailUrl\":\"https:\\\/\\\/fefac.cat\\\/empresarial\\\/wp-content\\\/uploads\\\/2020\\\/06\\\/logo-fefac-notis.jpg\",\"datePublished\":\"2026-04-24T16:49:27+00:00\",\"dateModified\":\"2026-04-24T16:49:35+00:00\",\"author\":{\"@id\":\"https:\\\/\\\/fefac.cat\\\/empresarial\\\/#\\\/schema\\\/person\\\/6ac15c94fb359972b6bfa9c752486744\"},\"description\":\"Barcelona. 24\\\/04\\\/2026. La Federaci\u00f3 d\u2019Associacions de Farm\u00e0cies de Catalunya (FEFAC), en coordinaci\u00f3 amb l\u2019ecosistema empresarial representat per PIMEC, ha expressat la seva preocupaci\u00f3 davant l\u2019impacte que l\u2019actual crisi geopol\u00edtica internacional pot tenir en la continu\u00eftat del subministrament de medicaments a Catalunya i al conjunt d\u2019Espanya, especialment per la seva incid\u00e8ncia en els mercats energ\u00e8tics i log\u00edstics.\",\"breadcrumb\":{\"@id\":\"https:\\\/\\\/fefac.cat\\\/empresarial\\\/la-patronal-de-farmacies-reclama-mesures-urgents-per-protegir-la-cadena-del-medicament-com-a-infraestructura-critica-i-garantir-lacces-dels-pacients\\\/#breadcrumb\"},\"inLanguage\":\"ca\",\"potentialAction\":[{\"@type\":\"ReadAction\",\"target\":[\"https:\\\/\\\/fefac.cat\\\/empresarial\\\/la-patronal-de-farmacies-reclama-mesures-urgents-per-protegir-la-cadena-del-medicament-com-a-infraestructura-critica-i-garantir-lacces-dels-pacients\\\/\"]}]},{\"@type\":\"ImageObject\",\"inLanguage\":\"ca\",\"@id\":\"https:\\\/\\\/fefac.cat\\\/empresarial\\\/la-patronal-de-farmacies-reclama-mesures-urgents-per-protegir-la-cadena-del-medicament-com-a-infraestructura-critica-i-garantir-lacces-dels-pacients\\\/#primaryimage\",\"url\":\"https:\\\/\\\/fefac.cat\\\/empresarial\\\/wp-content\\\/uploads\\\/2020\\\/06\\\/logo-fefac-notis.jpg\",\"contentUrl\":\"https:\\\/\\\/fefac.cat\\\/empresarial\\\/wp-content\\\/uploads\\\/2020\\\/06\\\/logo-fefac-notis.jpg\",\"width\":230,\"height\":160},{\"@type\":\"BreadcrumbList\",\"@id\":\"https:\\\/\\\/fefac.cat\\\/empresarial\\\/la-patronal-de-farmacies-reclama-mesures-urgents-per-protegir-la-cadena-del-medicament-com-a-infraestructura-critica-i-garantir-lacces-dels-pacients\\\/#breadcrumb\",\"itemListElement\":[{\"@type\":\"ListItem\",\"position\":1,\"name\":\"Home\",\"item\":\"https:\\\/\\\/fefac.cat\\\/empresarial\\\/\"},{\"@type\":\"ListItem\",\"position\":2,\"name\":\"La patronal de farm\u00e0cies reclama mesures urgents per protegir la cadena del medicament com a infraestructura cr\u00edtica i garantir l&#8217;acc\u00e9s dels pacients\"}]},{\"@type\":\"WebSite\",\"@id\":\"https:\\\/\\\/fefac.cat\\\/empresarial\\\/#website\",\"url\":\"https:\\\/\\\/fefac.cat\\\/empresarial\\\/\",\"name\":\"FEFAC\",\"description\":\"Federaci\u00f3 d&#039;Associacions de Farm\u00e0cies de Catalunya\",\"potentialAction\":[{\"@type\":\"SearchAction\",\"target\":{\"@type\":\"EntryPoint\",\"urlTemplate\":\"https:\\\/\\\/fefac.cat\\\/empresarial\\\/?s={search_term_string}\"},\"query-input\":{\"@type\":\"PropertyValueSpecification\",\"valueRequired\":true,\"valueName\":\"search_term_string\"}}],\"inLanguage\":\"ca\"},{\"@type\":\"Person\",\"@id\":\"https:\\\/\\\/fefac.cat\\\/empresarial\\\/#\\\/schema\\\/person\\\/6ac15c94fb359972b6bfa9c752486744\",\"name\":\"lclavijo@afb.cat\",\"url\":\"https:\\\/\\\/fefac.cat\\\/empresarial\\\/author\\\/laura-2\\\/\"}]}<\/script>\n<!-- \/ Yoast SEO plugin. -->","yoast_head_json":{"title":"La patronal de farm\u00e0cies reclama mesures urgents per protegir la cadena del medicament com a infraestructura cr\u00edtica i garantir l'acc\u00e9s dels pacients","description":"Barcelona. 24\/04\/2026. La Federaci\u00f3 d\u2019Associacions de Farm\u00e0cies de Catalunya (FEFAC), en coordinaci\u00f3 amb l\u2019ecosistema empresarial representat per PIMEC, ha expressat la seva preocupaci\u00f3 davant l\u2019impacte que l\u2019actual crisi geopol\u00edtica internacional pot tenir en la continu\u00eftat del subministrament de medicaments a Catalunya i al conjunt d\u2019Espanya, especialment per la seva incid\u00e8ncia en els mercats energ\u00e8tics i log\u00edstics.","robots":{"index":"index","follow":"follow","max-snippet":"max-snippet:-1","max-image-preview":"max-image-preview:large","max-video-preview":"max-video-preview:-1"},"canonical":"https:\/\/fefac.cat\/empresarial\/la-patronal-de-farmacies-reclama-mesures-urgents-per-protegir-la-cadena-del-medicament-com-a-infraestructura-critica-i-garantir-lacces-dels-pacients\/","og_locale":"ca_ES","og_type":"article","og_title":"La patronal de farm\u00e0cies reclama mesures urgents per protegir la cadena del medicament com a infraestructura cr\u00edtica i garantir l'acc\u00e9s dels pacients","og_description":"Barcelona. 24\/04\/2026. La Federaci\u00f3 d\u2019Associacions de Farm\u00e0cies de Catalunya (FEFAC), en coordinaci\u00f3 amb l\u2019ecosistema empresarial representat per PIMEC, ha expressat la seva preocupaci\u00f3 davant l\u2019impacte que l\u2019actual crisi geopol\u00edtica internacional pot tenir en la continu\u00eftat del subministrament de medicaments a Catalunya i al conjunt d\u2019Espanya, especialment per la seva incid\u00e8ncia en els mercats energ\u00e8tics i log\u00edstics.","og_url":"https:\/\/fefac.cat\/empresarial\/la-patronal-de-farmacies-reclama-mesures-urgents-per-protegir-la-cadena-del-medicament-com-a-infraestructura-critica-i-garantir-lacces-dels-pacients\/","og_site_name":"FEFAC","article_published_time":"2026-04-24T16:49:27+00:00","article_modified_time":"2026-04-24T16:49:35+00:00","og_image":[{"width":230,"height":160,"url":"https:\/\/fefac.cat\/empresarial\/wp-content\/uploads\/2020\/06\/logo-fefac-notis.jpg","type":"image\/jpeg"}],"author":"lclavijo@afb.cat","twitter_card":"summary_large_image","twitter_misc":{"Escrit per":"lclavijo@afb.cat","Temps estimat de lectura":"3 minuts"},"schema":{"@context":"https:\/\/schema.org","@graph":[{"@type":"Article","@id":"https:\/\/fefac.cat\/empresarial\/la-patronal-de-farmacies-reclama-mesures-urgents-per-protegir-la-cadena-del-medicament-com-a-infraestructura-critica-i-garantir-lacces-dels-pacients\/#article","isPartOf":{"@id":"https:\/\/fefac.cat\/empresarial\/la-patronal-de-farmacies-reclama-mesures-urgents-per-protegir-la-cadena-del-medicament-com-a-infraestructura-critica-i-garantir-lacces-dels-pacients\/"},"author":{"name":"lclavijo@afb.cat","@id":"https:\/\/fefac.cat\/empresarial\/#\/schema\/person\/6ac15c94fb359972b6bfa9c752486744"},"headline":"La patronal de farm\u00e0cies reclama mesures urgents per protegir la cadena del medicament com a infraestructura cr\u00edtica i garantir l&#8217;acc\u00e9s dels pacients","datePublished":"2026-04-24T16:49:27+00:00","dateModified":"2026-04-24T16:49:35+00:00","mainEntityOfPage":{"@id":"https:\/\/fefac.cat\/empresarial\/la-patronal-de-farmacies-reclama-mesures-urgents-per-protegir-la-cadena-del-medicament-com-a-infraestructura-critica-i-garantir-lacces-dels-pacients\/"},"wordCount":490,"commentCount":0,"image":{"@id":"https:\/\/fefac.cat\/empresarial\/la-patronal-de-farmacies-reclama-mesures-urgents-per-protegir-la-cadena-del-medicament-com-a-infraestructura-critica-i-garantir-lacces-dels-pacients\/#primaryimage"},"thumbnailUrl":"https:\/\/fefac.cat\/empresarial\/wp-content\/uploads\/2020\/06\/logo-fefac-notis.jpg","keywords":["FEFAC","medicaments","farmac\u00e8utics","desabastiments"],"articleSection":["Actualitat","Notes de premsa","Empresarials","FEFAC","AFB","AFET","AFELL","AGFE","Pol\u00edtica sanit\u00e0ria","Sanit\u00e0ria"],"inLanguage":"ca","potentialAction":[{"@type":"CommentAction","name":"Comment","target":["https:\/\/fefac.cat\/empresarial\/la-patronal-de-farmacies-reclama-mesures-urgents-per-protegir-la-cadena-del-medicament-com-a-infraestructura-critica-i-garantir-lacces-dels-pacients\/#respond"]}]},{"@type":"WebPage","@id":"https:\/\/fefac.cat\/empresarial\/la-patronal-de-farmacies-reclama-mesures-urgents-per-protegir-la-cadena-del-medicament-com-a-infraestructura-critica-i-garantir-lacces-dels-pacients\/","url":"https:\/\/fefac.cat\/empresarial\/la-patronal-de-farmacies-reclama-mesures-urgents-per-protegir-la-cadena-del-medicament-com-a-infraestructura-critica-i-garantir-lacces-dels-pacients\/","name":"La patronal de farm\u00e0cies reclama mesures urgents per protegir la cadena del medicament com a infraestructura cr\u00edtica i garantir l'acc\u00e9s dels pacients","isPartOf":{"@id":"https:\/\/fefac.cat\/empresarial\/#website"},"primaryImageOfPage":{"@id":"https:\/\/fefac.cat\/empresarial\/la-patronal-de-farmacies-reclama-mesures-urgents-per-protegir-la-cadena-del-medicament-com-a-infraestructura-critica-i-garantir-lacces-dels-pacients\/#primaryimage"},"image":{"@id":"https:\/\/fefac.cat\/empresarial\/la-patronal-de-farmacies-reclama-mesures-urgents-per-protegir-la-cadena-del-medicament-com-a-infraestructura-critica-i-garantir-lacces-dels-pacients\/#primaryimage"},"thumbnailUrl":"https:\/\/fefac.cat\/empresarial\/wp-content\/uploads\/2020\/06\/logo-fefac-notis.jpg","datePublished":"2026-04-24T16:49:27+00:00","dateModified":"2026-04-24T16:49:35+00:00","author":{"@id":"https:\/\/fefac.cat\/empresarial\/#\/schema\/person\/6ac15c94fb359972b6bfa9c752486744"},"description":"Barcelona. 24\/04\/2026. La Federaci\u00f3 d\u2019Associacions de Farm\u00e0cies de Catalunya (FEFAC), en coordinaci\u00f3 amb l\u2019ecosistema empresarial representat per PIMEC, ha expressat la seva preocupaci\u00f3 davant l\u2019impacte que l\u2019actual crisi geopol\u00edtica internacional pot tenir en la continu\u00eftat del subministrament de medicaments a Catalunya i al conjunt d\u2019Espanya, especialment per la seva incid\u00e8ncia en els mercats energ\u00e8tics i log\u00edstics.","breadcrumb":{"@id":"https:\/\/fefac.cat\/empresarial\/la-patronal-de-farmacies-reclama-mesures-urgents-per-protegir-la-cadena-del-medicament-com-a-infraestructura-critica-i-garantir-lacces-dels-pacients\/#breadcrumb"},"inLanguage":"ca","potentialAction":[{"@type":"ReadAction","target":["https:\/\/fefac.cat\/empresarial\/la-patronal-de-farmacies-reclama-mesures-urgents-per-protegir-la-cadena-del-medicament-com-a-infraestructura-critica-i-garantir-lacces-dels-pacients\/"]}]},{"@type":"ImageObject","inLanguage":"ca","@id":"https:\/\/fefac.cat\/empresarial\/la-patronal-de-farmacies-reclama-mesures-urgents-per-protegir-la-cadena-del-medicament-com-a-infraestructura-critica-i-garantir-lacces-dels-pacients\/#primaryimage","url":"https:\/\/fefac.cat\/empresarial\/wp-content\/uploads\/2020\/06\/logo-fefac-notis.jpg","contentUrl":"https:\/\/fefac.cat\/empresarial\/wp-content\/uploads\/2020\/06\/logo-fefac-notis.jpg","width":230,"height":160},{"@type":"BreadcrumbList","@id":"https:\/\/fefac.cat\/empresarial\/la-patronal-de-farmacies-reclama-mesures-urgents-per-protegir-la-cadena-del-medicament-com-a-infraestructura-critica-i-garantir-lacces-dels-pacients\/#breadcrumb","itemListElement":[{"@type":"ListItem","position":1,"name":"Home","item":"https:\/\/fefac.cat\/empresarial\/"},{"@type":"ListItem","position":2,"name":"La patronal de farm\u00e0cies reclama mesures urgents per protegir la cadena del medicament com a infraestructura cr\u00edtica i garantir l&#8217;acc\u00e9s dels pacients"}]},{"@type":"WebSite","@id":"https:\/\/fefac.cat\/empresarial\/#website","url":"https:\/\/fefac.cat\/empresarial\/","name":"FEFAC","description":"Federaci\u00f3 d&#039;Associacions de Farm\u00e0cies de Catalunya","potentialAction":[{"@type":"SearchAction","target":{"@type":"EntryPoint","urlTemplate":"https:\/\/fefac.cat\/empresarial\/?s={search_term_string}"},"query-input":{"@type":"PropertyValueSpecification","valueRequired":true,"valueName":"search_term_string"}}],"inLanguage":"ca"},{"@type":"Person","@id":"https:\/\/fefac.cat\/empresarial\/#\/schema\/person\/6ac15c94fb359972b6bfa9c752486744","name":"lclavijo@afb.cat","url":"https:\/\/fefac.cat\/empresarial\/author\/laura-2\/"}]}},"_links":{"self":[{"href":"https:\/\/fefac.cat\/empresarial\/wp-json\/wp\/v2\/posts\/242224","targetHints":{"allow":["GET"]}}],"collection":[{"href":"https:\/\/fefac.cat\/empresarial\/wp-json\/wp\/v2\/posts"}],"about":[{"href":"https:\/\/fefac.cat\/empresarial\/wp-json\/wp\/v2\/types\/post"}],"author":[{"embeddable":true,"href":"https:\/\/fefac.cat\/empresarial\/wp-json\/wp\/v2\/users\/2313"}],"replies":[{"embeddable":true,"href":"https:\/\/fefac.cat\/empresarial\/wp-json\/wp\/v2\/comments?post=242224"}],"version-history":[{"count":1,"href":"https:\/\/fefac.cat\/empresarial\/wp-json\/wp\/v2\/posts\/242224\/revisions"}],"predecessor-version":[{"id":242225,"href":"https:\/\/fefac.cat\/empresarial\/wp-json\/wp\/v2\/posts\/242224\/revisions\/242225"}],"wp:featuredmedia":[{"embeddable":true,"href":"https:\/\/fefac.cat\/empresarial\/wp-json\/wp\/v2\/media\/224377"}],"wp:attachment":[{"href":"https:\/\/fefac.cat\/empresarial\/wp-json\/wp\/v2\/media?parent=242224"}],"wp:term":[{"taxonomy":"category","embeddable":true,"href":"https:\/\/fefac.cat\/empresarial\/wp-json\/wp\/v2\/categories?post=242224"},{"taxonomy":"post_tag","embeddable":true,"href":"https:\/\/fefac.cat\/empresarial\/wp-json\/wp\/v2\/tags?post=242224"}],"curies":[{"name":"wp","href":"https:\/\/api.w.org\/{rel}","templated":true}]}}