{"id":2648,"date":"2010-06-15T12:39:01","date_gmt":"2010-06-15T12:39:01","guid":{"rendered":"http:\/\/fefac.cat\/empresarial\/?p=2648"},"modified":"2019-09-06T11:36:08","modified_gmt":"2019-09-06T09:36:08","slug":"la-maana-las-farmacias-plantean-dejar-de-tomar-g","status":"publish","type":"post","link":"https:\/\/fefac.cat\/empresarial\/la-maana-las-farmacias-plantean-dejar-de-tomar-g\/","title":{"rendered":"LA MA\u00d1ANA: Las farmacias plantean dejar de tomar gratis la presi\u00f3n a los clientes por los recortes"},"content":{"rendered":"<p style=\"text-align: justify\">\n\t<span style=\"font-size: 14px\"><span class=\"text_noticies\"><span class=\"text_noticies\"><span class=\"lead\"><span class=\"lead\">La Federaci\u00f3 d\u2019Associacions de Farm\u00e0cies de Catalunya (Fefac) avis\u00f3 ayer de que los recortes para reducir el d\u00e9ficit p\u00fablico podr\u00edan acabar con la destrucci\u00f3n de 3.000 puestos de trabajo. En el caso de la provincia de Lleida, la destrucci\u00f3n de empleo podr\u00eda llegar a los 150, seg\u00fan afirm\u00f3 el presidente de la Associaci\u00f3 de Farmac\u00e8utics Empresaris de Lleida, Josep Esteve.<\/span><\/span><\/span><\/span><\/span><\/p>\n<p style=\"text-align: justify\">\n\t<span style=\"font-size: 14px\">&nbsp;<\/span><\/p>\n<p style=\"text-align: justify\">\n\t<span style=\"font-size: 14px\"><span class=\"text_noticies\">Desde la Fefac tambi\u00e9n alertaron de que cada farmacia dejar\u00e1 de ingresar unos 20.000 euros, y que eso pondr\u00e1 en peligro no s\u00f3lo los puestos de trabajo, sino tambi\u00e9n los servicios de guardias o la prueba gratuita de la hipertensi\u00f3n o del VIH (\u00e9sta \u00faltima por el momento s\u00f3lo se lleva a cabo en las farmacias de la provincia de Barcelona).<br \/>\nLa patronal de las farmacias se queja de que un 70% de los recortes en el sector sanitario repercuten directamente en la farmac\u00e9utica. <\/span><\/span><\/p>\n<p style=\"text-align: justify\">\n\t<span style=\"font-size: 14px\"><span class=\"text_noticies\">Por este motivo, afirman que \u201cya hay bastante\u201d y que \u201cel sector ha llegado al l\u00edmite\u201d. Para mostrar su protesta, la Fefac ha puesto en marcha la campa\u00f1a Retallen la teva farmacia, Retallen la teva salut.<\/span><\/span><\/p>\n<p style=\"text-align: justify\">\n\t<span style=\"font-size: 14px\"><span class=\"text_noticies\">El vicepresidente de la empresarial catalana Fefac, Ramon Casanovas, asegur\u00f3 que las farmacias \u201cya no pueden asumir m\u00e1s recortes\u201d y agreg\u00f3 que \u201cno es justo\u201d que el 70% de los recortes del sector sanitario afecten directamente en el mundo del medicamento. <\/span><\/span><\/p>\n<p style=\"text-align: justify\">\n\t<span style=\"font-size: 14px\"><span class=\"text_noticies\">Por este motivo, la patronal se est\u00e1 planteando presentar un recurso a la Comisi\u00f3n Europea contra los \u00faltimos recortes impulsados por el gobierno espa\u00f1ol. De los 453 millones de euros que se ahorra la sanidad con los decretos del gobierno espa\u00f1ol, 300 corresponden al sector farmac\u00e9utico.<br \/>\n<\/span><\/span><\/p>\n<p style=\"text-align: justify\">\n\t<span style=\"font-size: 14px\"><span class=\"text_noticies\">El sector farmac\u00e9utico ya ha sufrido \u00e9ste 2010 dos Reales Decretos. Se trata, por un lado, del decreto que hace referencia a la bajada del precio de los medicamentos gen\u00e9ricos y la limitaci\u00f3n en las compras que realizan las farmacias.<br \/>\n<\/span><\/span><\/p>\n<p style=\"text-align: justify\">\n\t<span style=\"font-size: 14px\"><span class=\"text_noticies\">El otro decreto, aprobado este mes de mayo, establece una rebaja de un 7,5% de los medicamentos.<\/span><\/span><br \/>\n&nbsp;<\/p>\n","protected":false},"excerpt":{"rendered":"<p>La Federaci\u00f3 d\u2019Associacions de Farm\u00e0cies de Catalunya (Fefac) avis\u00f3 ayer de que los recortes para reducir el d\u00e9ficit p\u00fablico podr\u00edan acabar con la destrucci\u00f3n de 3.000 puestos de trabajo. En [&hellip;]<\/p>\n","protected":false},"author":1,"featured_media":0,"comment_status":"closed","ping_status":"open","sticky":false,"template":"","format":"standard","meta":{"_et_pb_use_builder":"","_et_pb_old_content":"","_et_gb_content_width":"","footnotes":""},"categories":[2066,2075],"tags":[1177],"class_list":["post-2648","post","type-post","status-publish","format-standard","hentry","category-categoria-actualitat","category-recull-de-premsa","tag-retalladesalapremsa"],"yoast_head":"<!-- This site is optimized with the Yoast SEO plugin v27.4 - https:\/\/yoast.com\/product\/yoast-seo-wordpress\/ -->\n<title>LA MA\u00d1ANA: Las farmacias plantean dejar de tomar gratis la presi\u00f3n a los clientes por los recortes - FEFAC<\/title>\n<meta name=\"robots\" content=\"index, follow, max-snippet:-1, max-image-preview:large, max-video-preview:-1\" \/>\n<link rel=\"canonical\" href=\"https:\/\/fefac.cat\/empresarial\/la-maana-las-farmacias-plantean-dejar-de-tomar-g\/\" \/>\n<meta property=\"og:locale\" content=\"ca_ES\" \/>\n<meta property=\"og:type\" content=\"article\" \/>\n<meta property=\"og:title\" content=\"LA MA\u00d1ANA: Las farmacias plantean dejar de tomar gratis la presi\u00f3n a los clientes por los recortes - FEFAC\" \/>\n<meta property=\"og:description\" content=\"La Federaci\u00f3 d\u2019Associacions de Farm\u00e0cies de Catalunya (Fefac) avis\u00f3 ayer de que los recortes para reducir el d\u00e9ficit p\u00fablico podr\u00edan acabar con la destrucci\u00f3n de 3.000 puestos de trabajo. En [&hellip;]\" \/>\n<meta property=\"og:url\" content=\"https:\/\/fefac.cat\/empresarial\/la-maana-las-farmacias-plantean-dejar-de-tomar-g\/\" \/>\n<meta property=\"og:site_name\" content=\"FEFAC\" \/>\n<meta property=\"article:published_time\" content=\"2010-06-15T12:39:01+00:00\" \/>\n<meta property=\"article:modified_time\" content=\"2019-09-06T09:36:08+00:00\" \/>\n<meta name=\"author\" content=\"qabh859\" \/>\n<meta name=\"twitter:card\" content=\"summary_large_image\" \/>\n<meta name=\"twitter:label1\" content=\"Escrit per\" \/>\n\t<meta name=\"twitter:data1\" content=\"qabh859\" \/>\n\t<meta name=\"twitter:label2\" content=\"Temps estimat de lectura\" \/>\n\t<meta name=\"twitter:data2\" content=\"2 minuts\" \/>\n<script type=\"application\/ld+json\" class=\"yoast-schema-graph\">{\"@context\":\"https:\\\/\\\/schema.org\",\"@graph\":[{\"@type\":\"Article\",\"@id\":\"https:\\\/\\\/fefac.cat\\\/empresarial\\\/la-maana-las-farmacias-plantean-dejar-de-tomar-g\\\/#article\",\"isPartOf\":{\"@id\":\"https:\\\/\\\/fefac.cat\\\/empresarial\\\/la-maana-las-farmacias-plantean-dejar-de-tomar-g\\\/\"},\"author\":{\"name\":\"qabh859\",\"@id\":\"https:\\\/\\\/fefac.cat\\\/empresarial\\\/#\\\/schema\\\/person\\\/03012b2506772bd65738ce781a3947f7\"},\"headline\":\"LA MA\u00d1ANA: Las farmacias plantean dejar de tomar gratis la presi\u00f3n a los clientes por los recortes\",\"datePublished\":\"2010-06-15T12:39:01+00:00\",\"dateModified\":\"2019-09-06T09:36:08+00:00\",\"mainEntityOfPage\":{\"@id\":\"https:\\\/\\\/fefac.cat\\\/empresarial\\\/la-maana-las-farmacias-plantean-dejar-de-tomar-g\\\/\"},\"wordCount\":362,\"keywords\":[\"retalladesalapremsa\"],\"articleSection\":[\"Actualitat\",\"Recull de premsa\"],\"inLanguage\":\"ca\"},{\"@type\":\"WebPage\",\"@id\":\"https:\\\/\\\/fefac.cat\\\/empresarial\\\/la-maana-las-farmacias-plantean-dejar-de-tomar-g\\\/\",\"url\":\"https:\\\/\\\/fefac.cat\\\/empresarial\\\/la-maana-las-farmacias-plantean-dejar-de-tomar-g\\\/\",\"name\":\"LA MA\u00d1ANA: Las farmacias plantean dejar de tomar gratis la presi\u00f3n a los clientes por los recortes - FEFAC\",\"isPartOf\":{\"@id\":\"https:\\\/\\\/fefac.cat\\\/empresarial\\\/#website\"},\"datePublished\":\"2010-06-15T12:39:01+00:00\",\"dateModified\":\"2019-09-06T09:36:08+00:00\",\"author\":{\"@id\":\"https:\\\/\\\/fefac.cat\\\/empresarial\\\/#\\\/schema\\\/person\\\/03012b2506772bd65738ce781a3947f7\"},\"breadcrumb\":{\"@id\":\"https:\\\/\\\/fefac.cat\\\/empresarial\\\/la-maana-las-farmacias-plantean-dejar-de-tomar-g\\\/#breadcrumb\"},\"inLanguage\":\"ca\",\"potentialAction\":[{\"@type\":\"ReadAction\",\"target\":[\"https:\\\/\\\/fefac.cat\\\/empresarial\\\/la-maana-las-farmacias-plantean-dejar-de-tomar-g\\\/\"]}]},{\"@type\":\"BreadcrumbList\",\"@id\":\"https:\\\/\\\/fefac.cat\\\/empresarial\\\/la-maana-las-farmacias-plantean-dejar-de-tomar-g\\\/#breadcrumb\",\"itemListElement\":[{\"@type\":\"ListItem\",\"position\":1,\"name\":\"Home\",\"item\":\"https:\\\/\\\/fefac.cat\\\/empresarial\\\/\"},{\"@type\":\"ListItem\",\"position\":2,\"name\":\"LA MA\u00d1ANA: Las farmacias plantean dejar de tomar gratis la presi\u00f3n a los clientes por los recortes\"}]},{\"@type\":\"WebSite\",\"@id\":\"https:\\\/\\\/fefac.cat\\\/empresarial\\\/#website\",\"url\":\"https:\\\/\\\/fefac.cat\\\/empresarial\\\/\",\"name\":\"FEFAC\",\"description\":\"Federaci\u00f3 d&#039;Associacions de Farm\u00e0cies de Catalunya\",\"potentialAction\":[{\"@type\":\"SearchAction\",\"target\":{\"@type\":\"EntryPoint\",\"urlTemplate\":\"https:\\\/\\\/fefac.cat\\\/empresarial\\\/?s={search_term_string}\"},\"query-input\":{\"@type\":\"PropertyValueSpecification\",\"valueRequired\":true,\"valueName\":\"search_term_string\"}}],\"inLanguage\":\"ca\"},{\"@type\":\"Person\",\"@id\":\"https:\\\/\\\/fefac.cat\\\/empresarial\\\/#\\\/schema\\\/person\\\/03012b2506772bd65738ce781a3947f7\",\"name\":\"qabh859\",\"url\":\"https:\\\/\\\/fefac.cat\\\/empresarial\\\/author\\\/qabh859\\\/\"}]}<\/script>\n<!-- \/ Yoast SEO plugin. -->","yoast_head_json":{"title":"LA MA\u00d1ANA: Las farmacias plantean dejar de tomar gratis la presi\u00f3n a los clientes por los recortes - FEFAC","robots":{"index":"index","follow":"follow","max-snippet":"max-snippet:-1","max-image-preview":"max-image-preview:large","max-video-preview":"max-video-preview:-1"},"canonical":"https:\/\/fefac.cat\/empresarial\/la-maana-las-farmacias-plantean-dejar-de-tomar-g\/","og_locale":"ca_ES","og_type":"article","og_title":"LA MA\u00d1ANA: Las farmacias plantean dejar de tomar gratis la presi\u00f3n a los clientes por los recortes - FEFAC","og_description":"La Federaci\u00f3 d\u2019Associacions de Farm\u00e0cies de Catalunya (Fefac) avis\u00f3 ayer de que los recortes para reducir el d\u00e9ficit p\u00fablico podr\u00edan acabar con la destrucci\u00f3n de 3.000 puestos de trabajo. En [&hellip;]","og_url":"https:\/\/fefac.cat\/empresarial\/la-maana-las-farmacias-plantean-dejar-de-tomar-g\/","og_site_name":"FEFAC","article_published_time":"2010-06-15T12:39:01+00:00","article_modified_time":"2019-09-06T09:36:08+00:00","author":"qabh859","twitter_card":"summary_large_image","twitter_misc":{"Escrit per":"qabh859","Temps estimat de lectura":"2 minuts"},"schema":{"@context":"https:\/\/schema.org","@graph":[{"@type":"Article","@id":"https:\/\/fefac.cat\/empresarial\/la-maana-las-farmacias-plantean-dejar-de-tomar-g\/#article","isPartOf":{"@id":"https:\/\/fefac.cat\/empresarial\/la-maana-las-farmacias-plantean-dejar-de-tomar-g\/"},"author":{"name":"qabh859","@id":"https:\/\/fefac.cat\/empresarial\/#\/schema\/person\/03012b2506772bd65738ce781a3947f7"},"headline":"LA MA\u00d1ANA: Las farmacias plantean dejar de tomar gratis la presi\u00f3n a los clientes por los recortes","datePublished":"2010-06-15T12:39:01+00:00","dateModified":"2019-09-06T09:36:08+00:00","mainEntityOfPage":{"@id":"https:\/\/fefac.cat\/empresarial\/la-maana-las-farmacias-plantean-dejar-de-tomar-g\/"},"wordCount":362,"keywords":["retalladesalapremsa"],"articleSection":["Actualitat","Recull de premsa"],"inLanguage":"ca"},{"@type":"WebPage","@id":"https:\/\/fefac.cat\/empresarial\/la-maana-las-farmacias-plantean-dejar-de-tomar-g\/","url":"https:\/\/fefac.cat\/empresarial\/la-maana-las-farmacias-plantean-dejar-de-tomar-g\/","name":"LA MA\u00d1ANA: Las farmacias plantean dejar de tomar gratis la presi\u00f3n a los clientes por los recortes - FEFAC","isPartOf":{"@id":"https:\/\/fefac.cat\/empresarial\/#website"},"datePublished":"2010-06-15T12:39:01+00:00","dateModified":"2019-09-06T09:36:08+00:00","author":{"@id":"https:\/\/fefac.cat\/empresarial\/#\/schema\/person\/03012b2506772bd65738ce781a3947f7"},"breadcrumb":{"@id":"https:\/\/fefac.cat\/empresarial\/la-maana-las-farmacias-plantean-dejar-de-tomar-g\/#breadcrumb"},"inLanguage":"ca","potentialAction":[{"@type":"ReadAction","target":["https:\/\/fefac.cat\/empresarial\/la-maana-las-farmacias-plantean-dejar-de-tomar-g\/"]}]},{"@type":"BreadcrumbList","@id":"https:\/\/fefac.cat\/empresarial\/la-maana-las-farmacias-plantean-dejar-de-tomar-g\/#breadcrumb","itemListElement":[{"@type":"ListItem","position":1,"name":"Home","item":"https:\/\/fefac.cat\/empresarial\/"},{"@type":"ListItem","position":2,"name":"LA MA\u00d1ANA: Las farmacias plantean dejar de tomar gratis la presi\u00f3n a los clientes por los recortes"}]},{"@type":"WebSite","@id":"https:\/\/fefac.cat\/empresarial\/#website","url":"https:\/\/fefac.cat\/empresarial\/","name":"FEFAC","description":"Federaci\u00f3 d&#039;Associacions de Farm\u00e0cies de Catalunya","potentialAction":[{"@type":"SearchAction","target":{"@type":"EntryPoint","urlTemplate":"https:\/\/fefac.cat\/empresarial\/?s={search_term_string}"},"query-input":{"@type":"PropertyValueSpecification","valueRequired":true,"valueName":"search_term_string"}}],"inLanguage":"ca"},{"@type":"Person","@id":"https:\/\/fefac.cat\/empresarial\/#\/schema\/person\/03012b2506772bd65738ce781a3947f7","name":"qabh859","url":"https:\/\/fefac.cat\/empresarial\/author\/qabh859\/"}]}},"_links":{"self":[{"href":"https:\/\/fefac.cat\/empresarial\/wp-json\/wp\/v2\/posts\/2648","targetHints":{"allow":["GET"]}}],"collection":[{"href":"https:\/\/fefac.cat\/empresarial\/wp-json\/wp\/v2\/posts"}],"about":[{"href":"https:\/\/fefac.cat\/empresarial\/wp-json\/wp\/v2\/types\/post"}],"author":[{"embeddable":true,"href":"https:\/\/fefac.cat\/empresarial\/wp-json\/wp\/v2\/users\/1"}],"replies":[{"embeddable":true,"href":"https:\/\/fefac.cat\/empresarial\/wp-json\/wp\/v2\/comments?post=2648"}],"version-history":[{"count":0,"href":"https:\/\/fefac.cat\/empresarial\/wp-json\/wp\/v2\/posts\/2648\/revisions"}],"wp:attachment":[{"href":"https:\/\/fefac.cat\/empresarial\/wp-json\/wp\/v2\/media?parent=2648"}],"wp:term":[{"taxonomy":"category","embeddable":true,"href":"https:\/\/fefac.cat\/empresarial\/wp-json\/wp\/v2\/categories?post=2648"},{"taxonomy":"post_tag","embeddable":true,"href":"https:\/\/fefac.cat\/empresarial\/wp-json\/wp\/v2\/tags?post=2648"}],"curies":[{"name":"wp","href":"https:\/\/api.w.org\/{rel}","templated":true}]}}